{"id":3352,"date":"2010-02-07T19:28:17","date_gmt":"2010-02-07T22:28:17","guid":{"rendered":"http:\/\/www.elsindical.com.ar\/notas\/?p=3352"},"modified":"2010-02-09T07:31:11","modified_gmt":"2010-02-09T10:31:11","slug":"operan-de-urgencia-al-ex-presidente-nestor-kirchner-por-una-afeccion-en-la-arteria-carotida","status":"publish","type":"post","link":"https:\/\/www.elsindical.com.ar\/notas\/operan-de-urgencia-al-ex-presidente-nestor-kirchner-por-una-afeccion-en-la-arteria-carotida\/","title":{"rendered":"Operaron de urgencia al ex presidente N\u00e9stor Kirchner por una afecci\u00f3n en la arteria car\u00f3tida"},"content":{"rendered":"<p style=\"text-align: justify;\"><em><a href=\"http:\/\/www.elsindical.com.ar\/notas\/var\/www\/html\/notas\/wp-content\/uploads\/2010\/02\/nestor_tapa.jpg\"><\/a><a href=\"http:\/\/www.elsindical.com.ar\/notas\/var\/www\/html\/notas\/wp-content\/uploads\/2010\/02\/N\u00e9stor-Kirchner-mirada.jpg\"><img loading=\"lazy\" decoding=\"async\" class=\"alignleft size-full wp-image-3354\" title=\"N\u00e9stor-Kirchner-mirada\" src=\"http:\/\/www.elsindical.com.ar\/notas\/var\/www\/html\/notas\/wp-content\/uploads\/2010\/02\/N\u00e9stor-Kirchner-mirada.jpg\" alt=\"\" width=\"198\" height=\"116\" \/><\/a>Fue\u00a0operado en instantes en\u00a0el Sanatorio de los Arcos, de la Ciudad de Buenos Aires.\u00a0Cristina Kirchner\u00a0acompa\u00f1a a su marido en la cl\u00ednica de Los Arcos.<\/em><\/p>\n<div style=\"text-align: justify;\">\n<p id=\"cuerpoNota\" style=\"text-align: justify;\">El ex presidente ingres\u00f3 al quir\u00f3fano, donde ser\u00e1 operado en instantes.<br \/>\n\u00a0<br \/>\n\u201c<strong>N\u00e9stor Carlos Kirchner<\/strong> present\u00f3 en el d\u00eda de la fecha, durante la ma\u00f1ana, <strong>un cuadro cl\u00ednico causado por una patolog\u00eda de su arteria car\u00f3tida derecha <\/strong>que requiere <strong>tratamiento quir\u00fargico<\/strong>. Por tal motivo ser\u00e1 intervenido en el d\u00eda de hoy\u201d.<\/p>\n<p>As\u00ed lo indica un parte m\u00e9dico oficial, suministrado por el doctor Marcelo Ballesteros, subdirector de la Unidad M\u00e9dica Presidencial.<\/p>\n<p>La presidente de la Naci\u00f3n, <strong>Cristina Kirchner <\/strong>, ya se encuentra en la clinica acompa\u00f1a por el Secretario de Medios, Alfredo Scocimarro. Se desconoce si los hijos del matrimonio est\u00e1n en el lugar.<\/p>\n<p><strong>Exitosa operaci\u00f3n<\/strong><\/p>\n<p>Luego del diagn\u00f3stico, <strong>los m\u00e9dicos lo operaron de forma \u00abexitosa\u00bb durante una hora y media<\/strong>, y anunciaron que el paciente deber\u00e1 permanecer en terapia intensiva durante 48 horas.<br \/>\n\u00a0<br \/>\n\u00ab<strong>Sali\u00f3\u00a0totalmente l\u00facido<\/strong>\u00bb de la intervenci\u00f3n quir\u00fargica a la que fue sometido de \u00aburgencia\u00bb para remover \u00abuna placa ulcerada complicada\u00bb y localizada en la arteria car\u00f3tida derecha, expres\u00f3\u00a0el cirujano V\u00edctor Caramutti, a cargo la operaci\u00f3n, quien agreg\u00f3: \u00ab<strong>Se decidi\u00f3 la operaci\u00f3n para lograr una excelente recuperaci\u00f3n<\/strong>\u00ab.<br \/>\n\u00a0<br \/>\nTras\u00a0la cirug\u00eda, funcionarios del gobierno nacional arribaron al Sanatorio de los Arcos, en el barrio de Palermo, para acompa\u00f1ar a la presidente Cristina Kirchner. Entre los mismos se cuentan a\u00a0los ministros <strong>Carlos Tomada <\/strong>(Trabajo), <strong>Nilda Garr\u00e9 <\/strong>(Defensa),<strong> Julio De Vido <\/strong>(Planificaci\u00f3n),<strong> Amado Boudou <\/strong>(Econom\u00eda), <strong>Alberto Sileoni <\/strong>(Educaci\u00f3n) y <strong>Jorge Taiana <\/strong>(Relaciones Exteriores). Tambi\u00e9n lo hicieron los secretarios de Derechos Humanos, <strong>Eduardo Luis Duhalde<\/strong>, y de la Presidencia, <strong>Oscar Parrilli<\/strong>.<\/p>\n<p>El canciller <strong>Jorge Taiana<\/strong>respondi\u00f3 \u00abclaro que s\u00ed\u00bb cuando los periodistas le preguntaron si hab\u00eda sido exitosa la operaci\u00f3n a N\u00e9stor Kirchner y agreg\u00f3 que \u00abtodo est\u00e1 bien, las noticias son buenas\u00bb.<\/p>\n<p>El ministro de Trabajo, <strong>Carlos Tomada<\/strong>, que se acerc\u00f3 a la clinica para dar su apoyo al ex mandatario, destac\u00f3 que\u00a0\u00ab<strong>afortunadamente sali\u00f3 todo bien<\/strong>\u00ab. A su vez, el titular de la cartera laboral\u00a0indic\u00f3\u00a0que la operaci\u00f3n lo \u00ab<strong>sorprendi\u00f3 como a todo el mundo<\/strong>\u00ab.<br \/>\n\u00a0<br \/>\nPor su parte, el diputado <strong>Juan Cabandi\u00e9 <\/strong>pidi\u00f3 que los seguidos del ex presidente se retiren a sus casas y guarden silencio frente al Sanatorio de los Arcos. Adem\u00e1s, dijo que Kirchner \u00ab<strong>est\u00e1 bien y est\u00e1 hablando<\/strong>\u00ab.<br \/>\n\u00a0<br \/>\nLa presidente de la Naci\u00f3n, <strong>Cristina Kirchner<\/strong>, se encuentra en la cl\u00ednica acompa\u00f1ada por el Secretario de Medios, Alfredo Scocimarro, y el senador Jos\u00e9 Pampuro.<br \/>\n\u00a0<br \/>\n<strong>Julio Cobos <\/strong>expres\u00f3\u00a0su deseo de \u00abuna pronta mejor\u00eda\u00bb al ex presidente N\u00e9stor Kirchner. El Vicepresidente dese\u00f3 \u00abuna pronta mejor\u00eda del estado de salud del ex presidente Kirchner\u00bb, dijeron a <em>DyN <\/em>sus voceros.<\/p>\n<\/div>\n","protected":false},"excerpt":{"rendered":"<p>Fue\u00a0operado en instantes en\u00a0el Sanatorio de los Arcos, de la Ciudad de Buenos Aires.\u00a0Cristina Kirchner\u00a0acompa\u00f1a a su marido en la cl\u00ednica de Los Arcos. El ex presidente ingres\u00f3 al quir\u00f3fano, donde ser\u00e1 operado en instantes. \u00a0 \u201cN\u00e9stor Carlos Kirchner present\u00f3 en el d\u00eda de la fecha, durante la ma\u00f1ana, un cuadro cl\u00ednico causado por una&hellip;<\/p>\n","protected":false},"author":1,"featured_media":0,"comment_status":"open","ping_status":"open","sticky":false,"template":"","format":"standard","meta":{"footnotes":""},"categories":[13],"tags":[1205,1763,767,1002,22031],"class_list":["post-3352","post","type-post","status-publish","format-standard","hentry","category-politica","tag-cristina-fernandez-de-kirchner","tag-los-arcos","tag-nestor-kirchner","tag-operacion","tag-salud"],"_links":{"self":[{"href":"https:\/\/www.elsindical.com.ar\/notas\/wp-json\/wp\/v2\/posts\/3352","targetHints":{"allow":["GET"]}}],"collection":[{"href":"https:\/\/www.elsindical.com.ar\/notas\/wp-json\/wp\/v2\/posts"}],"about":[{"href":"https:\/\/www.elsindical.com.ar\/notas\/wp-json\/wp\/v2\/types\/post"}],"author":[{"embeddable":true,"href":"https:\/\/www.elsindical.com.ar\/notas\/wp-json\/wp\/v2\/users\/1"}],"replies":[{"embeddable":true,"href":"https:\/\/www.elsindical.com.ar\/notas\/wp-json\/wp\/v2\/comments?post=3352"}],"version-history":[{"count":4,"href":"https:\/\/www.elsindical.com.ar\/notas\/wp-json\/wp\/v2\/posts\/3352\/revisions"}],"predecessor-version":[{"id":3395,"href":"https:\/\/www.elsindical.com.ar\/notas\/wp-json\/wp\/v2\/posts\/3352\/revisions\/3395"}],"wp:attachment":[{"href":"https:\/\/www.elsindical.com.ar\/notas\/wp-json\/wp\/v2\/media?parent=3352"}],"wp:term":[{"taxonomy":"category","embeddable":true,"href":"https:\/\/www.elsindical.com.ar\/notas\/wp-json\/wp\/v2\/categories?post=3352"},{"taxonomy":"post_tag","embeddable":true,"href":"https:\/\/www.elsindical.com.ar\/notas\/wp-json\/wp\/v2\/tags?post=3352"}],"curies":[{"name":"wp","href":"https:\/\/api.w.org\/{rel}","templated":true}]}}