{"id":33459,"date":"2013-03-20T10:56:46","date_gmt":"2013-03-20T13:56:46","guid":{"rendered":"http:\/\/www.elsindical.com.ar\/notas\/?p=33459"},"modified":"2013-03-20T10:56:46","modified_gmt":"2013-03-20T13:56:46","slug":"renuncio-rafael-bielsa-a-su-cargo-de-titular-del-sedronar","status":"publish","type":"post","link":"https:\/\/www.elsindical.com.ar\/notas\/renuncio-rafael-bielsa-a-su-cargo-de-titular-del-sedronar\/","title":{"rendered":"Renunci\u00f3 Rafael Bielsa a su cargo de titular del SEDRONAR"},"content":{"rendered":"<p style=\"text-align: justify;\"><em><a href=\"http:\/\/www.elsindical.com.ar\/notas\/var\/www\/html\/notas\/wp-content\/uploads\/2011\/12\/Rafael-Bielsa.jpg\"><img loading=\"lazy\" decoding=\"async\" class=\"alignleft size-medium wp-image-20012\" alt=\"Rafael-Bielsa\" src=\"http:\/\/www.elsindical.com.ar\/notas\/var\/www\/html\/notas\/wp-content\/uploads\/2011\/12\/Rafael-Bielsa-283x300.jpg\" width=\"283\" height=\"300\" srcset=\"https:\/\/www.elsindical.com.ar\/notas\/var\/www\/html\/notas\/wp-content\/uploads\/2011\/12\/Rafael-Bielsa-283x300.jpg 283w, https:\/\/www.elsindical.com.ar\/notas\/var\/www\/html\/notas\/wp-content\/uploads\/2011\/12\/Rafael-Bielsa.jpg 325w\" sizes=\"auto, (max-width: 283px) 100vw, 283px\" \/><\/a>El alejamiento se produce tras una <strong>complicada gesti\u00f3n <\/strong>por denuncias de narcotr\u00e1fico en el pa\u00eds y el grave conflicto en Santa Fe.<\/em><\/p>\n<p style=\"text-align: justify;\">El secretario de Programaci\u00f3n para la Prevenci\u00f3n de la Drogadicci\u00f3n y la Lucha contra el Narcotr\u00e1fico (Sedronar), <strong>Rafael Bielsa<\/strong>, comunic\u00f3 ayer su renuncia como titular del organismo.<\/p>\n<p style=\"text-align: justify;\">Seg\u00fan revel\u00f3 el diario <em>P\u00e1gina\/12<\/em>, el santafesino, quien culmina una agitada gesti\u00f3n enmarcada por el conflicto en la provincia de Santa Fe, \u00abcumpli\u00f3 su agenda el \u00faltimo lunes con una reuni\u00f3n con un legislador del norte argentino y luego <strong>comunic\u00f3 a su colaboradores m\u00e1s cercanos<\/strong> que dejaba su cargo\u00bb.<\/p>\n<p style=\"text-align: justify;\">El matutino oficialista revel\u00f3 que a partir de ahora Bielsa desarrollar\u00e1 sus tareas en \u00abuna <strong>empresa del sector privado <\/strong>que tiene una relaci\u00f3n estrecha con el propio Estado y que tiene bajo su \u00f3rbita los aeropuertos\u00bb.<\/p>\n<p style=\"text-align: justify;\">El excanciller \u00abreemplazar\u00e1 a alguien que no ten\u00eda el visto bueno del gobierno nacional por su rol de abogado patrocinante de varios conflictos ante el CIADI\u00bb.<\/p>\n","protected":false},"excerpt":{"rendered":"<p>El alejamiento se produce tras una complicada gesti\u00f3n por denuncias de narcotr\u00e1fico en el pa\u00eds y el grave conflicto en Santa Fe. El secretario de Programaci\u00f3n para la Prevenci\u00f3n de la Drogadicci\u00f3n y la Lucha contra el Narcotr\u00e1fico (Sedronar), Rafael Bielsa, comunic\u00f3 ayer su renuncia como titular del organismo. Seg\u00fan revel\u00f3 el diario P\u00e1gina\/12, el&hellip;<\/p>\n","protected":false},"author":1,"featured_media":0,"comment_status":"open","ping_status":"open","sticky":false,"template":"","format":"standard","meta":{"footnotes":""},"categories":[13],"tags":[15637,382,9753,609,511],"class_list":["post-33459","post","type-post","status-publish","format-standard","hentry","category-politica","tag-ciadi","tag-drogas","tag-rafael-bielsa","tag-santa-fe","tag-sedronar"],"_links":{"self":[{"href":"https:\/\/www.elsindical.com.ar\/notas\/wp-json\/wp\/v2\/posts\/33459","targetHints":{"allow":["GET"]}}],"collection":[{"href":"https:\/\/www.elsindical.com.ar\/notas\/wp-json\/wp\/v2\/posts"}],"about":[{"href":"https:\/\/www.elsindical.com.ar\/notas\/wp-json\/wp\/v2\/types\/post"}],"author":[{"embeddable":true,"href":"https:\/\/www.elsindical.com.ar\/notas\/wp-json\/wp\/v2\/users\/1"}],"replies":[{"embeddable":true,"href":"https:\/\/www.elsindical.com.ar\/notas\/wp-json\/wp\/v2\/comments?post=33459"}],"version-history":[{"count":1,"href":"https:\/\/www.elsindical.com.ar\/notas\/wp-json\/wp\/v2\/posts\/33459\/revisions"}],"predecessor-version":[{"id":33460,"href":"https:\/\/www.elsindical.com.ar\/notas\/wp-json\/wp\/v2\/posts\/33459\/revisions\/33460"}],"wp:attachment":[{"href":"https:\/\/www.elsindical.com.ar\/notas\/wp-json\/wp\/v2\/media?parent=33459"}],"wp:term":[{"taxonomy":"category","embeddable":true,"href":"https:\/\/www.elsindical.com.ar\/notas\/wp-json\/wp\/v2\/categories?post=33459"},{"taxonomy":"post_tag","embeddable":true,"href":"https:\/\/www.elsindical.com.ar\/notas\/wp-json\/wp\/v2\/tags?post=33459"}],"curies":[{"name":"wp","href":"https:\/\/api.w.org\/{rel}","templated":true}]}}