{"id":33405,"date":"2013-03-15T23:17:39","date_gmt":"2013-03-16T02:17:39","guid":{"rendered":"http:\/\/www.elsindical.com.ar\/notas\/?p=33405"},"modified":"2013-03-15T23:17:39","modified_gmt":"2013-03-16T02:17:39","slug":"juninvecinos-protestan-frente-a-la-municipalidad","status":"publish","type":"post","link":"https:\/\/www.elsindical.com.ar\/notas\/juninvecinos-protestan-frente-a-la-municipalidad\/","title":{"rendered":"Jun\u00edn:Vecinos protestan frente a la Municipalidad"},"content":{"rendered":"<p style=\"text-align: justify;\"><em><a href=\"http:\/\/www.elsindical.com.ar\/notas\/var\/www\/html\/notas\/wp-content\/uploads\/2013\/03\/Jun\u00edn-protesta-vecinos.jpg\"><img loading=\"lazy\" decoding=\"async\" class=\"alignleft size-medium wp-image-33406\" alt=\"Jun\u00edn-protesta-vecinos\" src=\"http:\/\/www.elsindical.com.ar\/notas\/var\/www\/html\/notas\/wp-content\/uploads\/2013\/03\/Jun\u00edn-protesta-vecinos-300x170.jpg\" width=\"300\" height=\"170\" srcset=\"https:\/\/www.elsindical.com.ar\/notas\/var\/www\/html\/notas\/wp-content\/uploads\/2013\/03\/Jun\u00edn-protesta-vecinos-300x170.jpg 300w, https:\/\/www.elsindical.com.ar\/notas\/var\/www\/html\/notas\/wp-content\/uploads\/2013\/03\/Jun\u00edn-protesta-vecinos-500x283.jpg 500w, https:\/\/www.elsindical.com.ar\/notas\/var\/www\/html\/notas\/wp-content\/uploads\/2013\/03\/Jun\u00edn-protesta-vecinos.jpg 502w\" sizes=\"auto, (max-width: 300px) 100vw, 300px\" \/><\/a>La manifestaci\u00f3n se produce tras el homicidio de la docente jubilada Olga A\u00edda Acedo, el segundo crimen en seis d\u00edas.<\/em><\/p>\n<p style=\"text-align: justify;\">Vecinos de la ciudad de <b>Jun\u00edn <\/b>se manifestaron esta noche durante una hora y media frente a la <b>Municipalidad<\/b> local para exigir mejores medidas de seguridad, tras el homicidio de la docente jubilada Olga A\u00edda Acedo (74), el segundo crimen en seis d\u00edas.<\/p>\n<p style=\"text-align: justify;\">\u00ab<b>Jun\u00edn est\u00e1 triste\u00bb y \u00abBasta, Basta, queremos seguridad\u00bb <\/b>eran dos de los carteles que portaban los vecinos que se expresaron pac\u00edficamente con aplausos frente a la sede comunal, donde el fin de semana pasado se registraron serios incidentes tras el homicidio de la kiosquera Karen Campos (17). \u00abNo tenemos seguridad, esto no es nuevo, viene pasando desde hace mucho tiempo\u00bb, dijo esta noche una mujer, cuyo hijo, a su lado, sosten\u00eda un cartel que dec\u00eda \u00abQuiero jugar en la vereda\u00bb.<\/p>\n<p style=\"text-align: justify;\">\u00abEs muy triste lo que est\u00e1 pasando, hay una gran responsabilidad de la pol\u00edtica, de la Justicia, de todos. Algo tienen que hacer, porque es una pena muy grande lo que le pas\u00f3 a esta mujer\u00bb, reclam\u00f3 otro vecino.<\/p>\n<p style=\"text-align: justify;\">Una mujer asegur\u00f3 que \u00ab<b>en la ciudad hay mucha droga, en las plazas, en las calles<\/b>, especialmente en los menores de edad, y eso es lo que lleva despu\u00e9s a que maten a la gente por nada\u00bb.<\/p>\n<p style=\"text-align: justify;\">En tanto, decenas de polic\u00edas rodeaban esta noche los distintos edificios p\u00fablicos, entre ellos el Banco Provincia y la sede municipal, pero no se registraron incidentes, ya que la gente se reuni\u00f3 alrededor de las 20.30 y se desconcentr\u00f3 a las 22:00 hs.<\/p>\n<p style=\"text-align: justify;\">La m\u00e1ximas autoridades de la Polic\u00eda bonaerense se hallaban en la comisar\u00eda local al frente de la investigaci\u00f3n del nuevo homicidio y el jefe de la fuerza, <b>Hugo Matzkin<\/b>, recibi\u00f3 la orden del ministro de Justicia y Seguridad bonaerense, <b>Ricardo Casal, <\/b>de quedarse en Jun\u00edn al menos hasta ma\u00f1ana.<\/p>\n<p style=\"text-align: justify;\">Una vez conocido el crimen de la docente jubilada, las autoridades comunales ordenaron la evacuaci\u00f3n de los edificios p\u00fablicos y se suspendieron las clases en los establecimientos municipales, pero finalmente no hubo disturbios<\/p>\n","protected":false},"excerpt":{"rendered":"<p>La manifestaci\u00f3n se produce tras el homicidio de la docente jubilada Olga A\u00edda Acedo, el segundo crimen en seis d\u00edas. Vecinos de la ciudad de Jun\u00edn se manifestaron esta noche durante una hora y media frente a la Municipalidad local para exigir mejores medidas de seguridad, tras el homicidio de la docente jubilada Olga A\u00edda&hellip;<\/p>\n","protected":false},"author":1,"featured_media":0,"comment_status":"open","ping_status":"open","sticky":false,"template":"","format":"standard","meta":{"footnotes":""},"categories":[1],"tags":[1571,42,7748,15571,15606],"class_list":["post-33405","post","type-post","status-publish","format-standard","hentry","category-destacadas","tag-banco-provincia","tag-droga","tag-junin","tag-karen-campos","tag-olga-aida-acevedo"],"_links":{"self":[{"href":"https:\/\/www.elsindical.com.ar\/notas\/wp-json\/wp\/v2\/posts\/33405","targetHints":{"allow":["GET"]}}],"collection":[{"href":"https:\/\/www.elsindical.com.ar\/notas\/wp-json\/wp\/v2\/posts"}],"about":[{"href":"https:\/\/www.elsindical.com.ar\/notas\/wp-json\/wp\/v2\/types\/post"}],"author":[{"embeddable":true,"href":"https:\/\/www.elsindical.com.ar\/notas\/wp-json\/wp\/v2\/users\/1"}],"replies":[{"embeddable":true,"href":"https:\/\/www.elsindical.com.ar\/notas\/wp-json\/wp\/v2\/comments?post=33405"}],"version-history":[{"count":2,"href":"https:\/\/www.elsindical.com.ar\/notas\/wp-json\/wp\/v2\/posts\/33405\/revisions"}],"predecessor-version":[{"id":33408,"href":"https:\/\/www.elsindical.com.ar\/notas\/wp-json\/wp\/v2\/posts\/33405\/revisions\/33408"}],"wp:attachment":[{"href":"https:\/\/www.elsindical.com.ar\/notas\/wp-json\/wp\/v2\/media?parent=33405"}],"wp:term":[{"taxonomy":"category","embeddable":true,"href":"https:\/\/www.elsindical.com.ar\/notas\/wp-json\/wp\/v2\/categories?post=33405"},{"taxonomy":"post_tag","embeddable":true,"href":"https:\/\/www.elsindical.com.ar\/notas\/wp-json\/wp\/v2\/tags?post=33405"}],"curies":[{"name":"wp","href":"https:\/\/api.w.org\/{rel}","templated":true}]}}