{"id":33375,"date":"2013-03-14T21:59:25","date_gmt":"2013-03-15T00:59:25","guid":{"rendered":"http:\/\/www.elsindical.com.ar\/notas\/?p=33375"},"modified":"2013-03-14T21:59:25","modified_gmt":"2013-03-15T00:59:25","slug":"piden-que-fontanet-sea-trasladado-a-una-carcel-comun","status":"publish","type":"post","link":"https:\/\/www.elsindical.com.ar\/notas\/piden-que-fontanet-sea-trasladado-a-una-carcel-comun\/","title":{"rendered":"Piden que Fontanet sea trasladado a una c\u00e1rcel com\u00fan"},"content":{"rendered":"<p style=\"text-align: justify;\"><em><a href=\"http:\/\/www.elsindical.com.ar\/notas\/var\/www\/html\/notas\/wp-content\/uploads\/2012\/07\/Patricio-Fontanet-internado.jpg\"><img loading=\"lazy\" decoding=\"async\" class=\"alignleft size-medium wp-image-25612\" alt=\"Patricio-Fontanet-internado\" src=\"http:\/\/www.elsindical.com.ar\/notas\/var\/www\/html\/notas\/wp-content\/uploads\/2012\/07\/Patricio-Fontanet-internado-300x216.jpg\" width=\"300\" height=\"216\" srcset=\"https:\/\/www.elsindical.com.ar\/notas\/var\/www\/html\/notas\/wp-content\/uploads\/2012\/07\/Patricio-Fontanet-internado-300x216.jpg 300w, https:\/\/www.elsindical.com.ar\/notas\/var\/www\/html\/notas\/wp-content\/uploads\/2012\/07\/Patricio-Fontanet-internado.jpg 443w\" sizes=\"auto, (max-width: 300px) 100vw, 300px\" \/><\/a>El Fiscal Jorge L\u00f3pez Lecube solicit\u00f3 que el ex cantante de la banda Callejeros sea trasladado a una c\u00e1rcel com\u00fan desde la cl\u00ednica psiqui\u00e1trica en la que se encuentra para cumplir la pena otorgada tras la tragedia de Croma\u00f1\u00f3n. \u201cNo tiene en el aspecto f\u00edsico impedimento alguno\u00bb, asegur\u00f3.<\/em><\/p>\n<p style=\"text-align: justify;\">El Fiscal Jorge L\u00f3pez Lecube dictamin\u00f3 que el cantante de la banda Callejeros, Patricio Fontanet, deje la cl\u00ednica psiqui\u00e1trica en la que permanece instalado en C\u00f3rdoba y sea trasladado a una c\u00e1rcel com\u00fan para cumplir la pena impuesta a ra\u00edz de la tragedia de Croma\u00f1\u00f3n.<\/p>\n<p>El planteo fue realizado ante el Tribunal Oral en lo Criminal 24, ya que el fiscal entendi\u00f3 que Fontanet, condenado a siete a\u00f1os de prisi\u00f3n, no tiene en el aspecto f\u00edsico \u00abimpedimiento alguno\u00bb y puede continuar su tratamiento psiqui\u00e1trico en la c\u00e1rcel.<\/p>\n<p>En el plano psiqui\u00e1trico \u00abexiste un tratamiento farmacol\u00f3gico que podr\u00eda perfectamente cumplimentarse en un centro de detenci\u00f3n especializado\u00bb dependiente del Servicio Penitenciario Federal, se\u00f1al\u00f3 L\u00f3pez Lecube.<\/p>\n<p>En el escrito, el Fiscal entendi\u00f3 que \u00abno surge motivo suficiente como para continuar suspendida la ejecuci\u00f3n de la pena privativa de la libertad\u00bb, en base a informes m\u00e9dicos. Fontanet est\u00e1 en el psiqui\u00e1trico cordob\u00e9s desde el 20 de diciembre pasado, luego de que la C\u00e1mara Federal de Casaci\u00f3n orden\u00f3 la detenci\u00f3n de todos los condenados por Croma\u00f1on para que comiencen a cumplir sus penas.<\/p>\n<p>\u00abDe los informes m\u00e9dicos, no surge motivo suficiente como para continuar suspendida la ejecuci\u00f3n de la pena privativa de libertad\u00bb, sostuvo el fiscal en su dictamen, en base a las pericias m\u00e9dicas.<\/p>\n<p>El Fiscal consider\u00f3 ante el Tribunal que \u00aben todo caso, se deber\u00e1n extremar las medidas para que el tratamiento no se vea interrupmido y se cumplimiente de manera efectiva\u00bb, en relaci\u00f3n entre otros puntos, a las visitas de su mujer y su hijo que resulten beneficiosas para su cuadro psiqui\u00e1trico.<\/p>\n<p>Lopez Lecube record\u00f3 a los jueces que el tambi\u00e9n condenado a tres a\u00f1os y nueve meses de c\u00e1rcel, el ex funcionario comunal Gustavo Torres tiene problemas psiqui\u00e1tricos y es atendido en la sala de internai\u00f3n de la ex Unidad 20 del SPF.<\/p>\n<p>\u00abLa igualdad ante la ley impone que no se beneficie a Fontanet de manera injustificada\u00bb, advirti\u00f3. Por la tragedia de Croma\u00f1\u00f3n, ocurrida el 20 de diciembre de 2004 en la que murieron 194 personas, permanecen en la c\u00e1rcel el ex gerenciador del boliche incendiado, Omar Chab\u00e1n, y su mano derecha, Ra\u00fal Villarreal.<\/p>\n<p>Tambi\u00e9n el resto de los integrantes del grupo de rock Callejeros: Maximiliano Djerfy, Elio Toledo, Eduardo V\u00e1squez, Juan Carbone, Cristian Torrej\u00f3n y Daniel Cardell y el m\u00e1nager Diego Arga\u00f1ar\u00e1z. Adem\u00e1s, contin\u00faan presos el ex subcomisario Carlos D\u00edaz y los ex funcionarios porte\u00f1os, Ana Mar\u00eda Fern\u00e1ndez, Fabiana Fiszbin y Gustavo Torres.<\/p>\n","protected":false},"excerpt":{"rendered":"<p>El Fiscal Jorge L\u00f3pez Lecube solicit\u00f3 que el ex cantante de la banda Callejeros sea trasladado a una c\u00e1rcel com\u00fan desde la cl\u00ednica psiqui\u00e1trica en la que se encuentra para cumplir la pena otorgada tras la tragedia de Croma\u00f1\u00f3n. \u201cNo tiene en el aspecto f\u00edsico impedimento alguno\u00bb, asegur\u00f3. El Fiscal Jorge L\u00f3pez Lecube dictamin\u00f3 que&hellip;<\/p>\n","protected":false},"author":1,"featured_media":0,"comment_status":"open","ping_status":"open","sticky":false,"template":"","format":"standard","meta":{"footnotes":""},"categories":[20],"tags":[15598,1426,15597,12056,629],"class_list":["post-33375","post","type-post","status-publish","format-standard","hentry","category-judiciales","tag-carcel-comun","tag-cromanon","tag-fiscal-jorge-lopez-lecube","tag-patricio-fontanet","tag-prision"],"_links":{"self":[{"href":"https:\/\/www.elsindical.com.ar\/notas\/wp-json\/wp\/v2\/posts\/33375","targetHints":{"allow":["GET"]}}],"collection":[{"href":"https:\/\/www.elsindical.com.ar\/notas\/wp-json\/wp\/v2\/posts"}],"about":[{"href":"https:\/\/www.elsindical.com.ar\/notas\/wp-json\/wp\/v2\/types\/post"}],"author":[{"embeddable":true,"href":"https:\/\/www.elsindical.com.ar\/notas\/wp-json\/wp\/v2\/users\/1"}],"replies":[{"embeddable":true,"href":"https:\/\/www.elsindical.com.ar\/notas\/wp-json\/wp\/v2\/comments?post=33375"}],"version-history":[{"count":1,"href":"https:\/\/www.elsindical.com.ar\/notas\/wp-json\/wp\/v2\/posts\/33375\/revisions"}],"predecessor-version":[{"id":33376,"href":"https:\/\/www.elsindical.com.ar\/notas\/wp-json\/wp\/v2\/posts\/33375\/revisions\/33376"}],"wp:attachment":[{"href":"https:\/\/www.elsindical.com.ar\/notas\/wp-json\/wp\/v2\/media?parent=33375"}],"wp:term":[{"taxonomy":"category","embeddable":true,"href":"https:\/\/www.elsindical.com.ar\/notas\/wp-json\/wp\/v2\/categories?post=33375"},{"taxonomy":"post_tag","embeddable":true,"href":"https:\/\/www.elsindical.com.ar\/notas\/wp-json\/wp\/v2\/tags?post=33375"}],"curies":[{"name":"wp","href":"https:\/\/api.w.org\/{rel}","templated":true}]}}