{"id":33344,"date":"2013-03-13T11:04:47","date_gmt":"2013-03-13T14:04:47","guid":{"rendered":"http:\/\/www.elsindical.com.ar\/notas\/?p=33344"},"modified":"2013-03-13T11:04:47","modified_gmt":"2013-03-13T14:04:47","slug":"berazateguidetuvieron-al-denominado-proxeneta-ferroviario","status":"publish","type":"post","link":"https:\/\/www.elsindical.com.ar\/notas\/berazateguidetuvieron-al-denominado-proxeneta-ferroviario\/","title":{"rendered":"Berazategui:Detuvieron al denominado \u00abproxeneta ferroviario\u00bb"},"content":{"rendered":"<p style=\"text-align: justify;\"><em><a href=\"http:\/\/www.elsindical.com.ar\/notas\/var\/www\/html\/notas\/wp-content\/uploads\/2013\/03\/estaci\u00f3n-Pereyra.jpg\"><img loading=\"lazy\" decoding=\"async\" class=\"alignleft size-medium wp-image-33345\" alt=\"estaci\u00f3n-Pereyra\" src=\"http:\/\/www.elsindical.com.ar\/notas\/var\/www\/html\/notas\/wp-content\/uploads\/2013\/03\/estaci\u00f3n-Pereyra-300x170.jpg\" width=\"300\" height=\"170\" srcset=\"https:\/\/www.elsindical.com.ar\/notas\/var\/www\/html\/notas\/wp-content\/uploads\/2013\/03\/estaci\u00f3n-Pereyra-300x170.jpg 300w, https:\/\/www.elsindical.com.ar\/notas\/var\/www\/html\/notas\/wp-content\/uploads\/2013\/03\/estaci\u00f3n-Pereyra-500x283.jpg 500w, https:\/\/www.elsindical.com.ar\/notas\/var\/www\/html\/notas\/wp-content\/uploads\/2013\/03\/estaci\u00f3n-Pereyra.jpg 502w\" sizes=\"auto, (max-width: 300px) 100vw, 300px\" \/><\/a>El sujeto les exig\u00eda tener sexo con vendedores ambulantes, pasajeros ocasionales, vagabundos y clientes fijos para pagar una especie de alquiler que les cobraba por alojarlas en su vivienda, en Villa Espa\u00f1a.<\/em><\/p>\n<p style=\"text-align: justify;\">Un trabajador de la <b>L\u00ednea Roca<\/b> -conocido como \u00abel proxeneta ferroviario\u00bb- fue detenido en las \u00faltimas horas por promover la explotaci\u00f3n sexual de dos hermanas menores de edad, a quienes <b>obligaba a prostituirse con vendedores ambulantes, pasajeros ocasionales, vagabundos y clientes<\/b> fijos en la <b>estaci\u00f3n Pereyra de Berazategui<\/b>.<\/p>\n<p style=\"text-align: justify;\">El individuo, de 51 a\u00f1os, las ten\u00eda viviendo con \u00e9l en una casa de <b>Villa Espa\u00f1a<\/b>, a metros de la estaci\u00f3n de trenes de esa localidad berazateguense, y las alternaba llev\u00e1ndolas a la estaci\u00f3n de Pereyra donde tambi\u00e9n dorm\u00edan, ya que <b>se desempe\u00f1aba como encargado de lugar y nadie lo controlaba<\/b>.<\/p>\n<p style=\"text-align: justify;\">Las adolescentes deb\u00edan tener sexo a cambio de dinero para pagarle una especie de alquiler que \u00e9ste les cobraba por alojarlas en su vivienda.<\/p>\n<p style=\"text-align: justify;\">Investigadores de la fiscal\u00eda berazateguense especializada en la tem\u00e1tica Trata de Personas, <b>lograron rescatar a las dos chicas, de 13 y 17 a\u00f1os<\/b>, oriundas de la localidad bonaerense de Ver\u00f3nica, quienes hab\u00edan abandonado su hogar por problemas familiares.<\/p>\n<p style=\"text-align: justify;\">En di\u00e1logo con este medio, el fiscal encargado de la investigaci\u00f3n, Daniel Ichazo, explic\u00f3 que las hermanas cayeron en las garras del ferroviario por medio de un conocido de su pueblo.<\/p>\n<p style=\"text-align: justify;\">\u00abCuando se escaparon de sus padres, un hombre se las llev\u00f3 a vivir con \u00e9l a la casa del proxeneta. Luego, este conocido de ellas abandon\u00f3 esa vivienda y las chicas se quedaron. <b>Fue en ese momento cuando les exigi\u00f3 que se prostituyan para poder alojarse all\u00ed\u00bb<\/b>, detall\u00f3 Ichazo.<\/p>\n<p style=\"text-align: justify;\">Ahora, el proxeneta ferroviario est\u00e1 detenido por \u00abPromoci\u00f3n o Facilitaci\u00f3n de la Prostituci\u00f3n de Menores de Edad\u00bb, un delito que no es excarcelable y puede fijar penas de hasta diez a\u00f1os de c\u00e1rcel.<\/p>\n<p style=\"text-align: justify;\">En tanto, las dos hermanas ya fueron restituidas a sus padres en Ver\u00f3nica, mientras que los investigadores de la causa buscan al conocido de las menores que las llev\u00f3 a vivir a la casa del hombre que las oblig\u00f3 a prostituirse.<\/p>\n","protected":false},"excerpt":{"rendered":"<p>El sujeto les exig\u00eda tener sexo con vendedores ambulantes, pasajeros ocasionales, vagabundos y clientes fijos para pagar una especie de alquiler que les cobraba por alojarlas en su vivienda, en Villa Espa\u00f1a. Un trabajador de la L\u00ednea Roca -conocido como \u00abel proxeneta ferroviario\u00bb- fue detenido en las \u00faltimas horas por promover la explotaci\u00f3n sexual de&hellip;<\/p>\n","protected":false},"author":1,"featured_media":0,"comment_status":"open","ping_status":"open","sticky":false,"template":"","format":"standard","meta":{"footnotes":""},"categories":[22],"tags":[1277,283,7660,402,30,491,15587,15586],"class_list":["post-33344","post","type-post","status-publish","format-standard","hentry","category-policiales","tag-berazategui","tag-chicas","tag-linea-roca","tag-pasajeros","tag-policia","tag-prostitucion","tag-vagabundos","tag-villa-espana"],"_links":{"self":[{"href":"https:\/\/www.elsindical.com.ar\/notas\/wp-json\/wp\/v2\/posts\/33344","targetHints":{"allow":["GET"]}}],"collection":[{"href":"https:\/\/www.elsindical.com.ar\/notas\/wp-json\/wp\/v2\/posts"}],"about":[{"href":"https:\/\/www.elsindical.com.ar\/notas\/wp-json\/wp\/v2\/types\/post"}],"author":[{"embeddable":true,"href":"https:\/\/www.elsindical.com.ar\/notas\/wp-json\/wp\/v2\/users\/1"}],"replies":[{"embeddable":true,"href":"https:\/\/www.elsindical.com.ar\/notas\/wp-json\/wp\/v2\/comments?post=33344"}],"version-history":[{"count":1,"href":"https:\/\/www.elsindical.com.ar\/notas\/wp-json\/wp\/v2\/posts\/33344\/revisions"}],"predecessor-version":[{"id":33346,"href":"https:\/\/www.elsindical.com.ar\/notas\/wp-json\/wp\/v2\/posts\/33344\/revisions\/33346"}],"wp:attachment":[{"href":"https:\/\/www.elsindical.com.ar\/notas\/wp-json\/wp\/v2\/media?parent=33344"}],"wp:term":[{"taxonomy":"category","embeddable":true,"href":"https:\/\/www.elsindical.com.ar\/notas\/wp-json\/wp\/v2\/categories?post=33344"},{"taxonomy":"post_tag","embeddable":true,"href":"https:\/\/www.elsindical.com.ar\/notas\/wp-json\/wp\/v2\/tags?post=33344"}],"curies":[{"name":"wp","href":"https:\/\/api.w.org\/{rel}","templated":true}]}}