{"id":33320,"date":"2013-03-11T13:43:30","date_gmt":"2013-03-11T16:43:30","guid":{"rendered":"http:\/\/www.elsindical.com.ar\/notas\/?p=33320"},"modified":"2013-03-11T13:43:30","modified_gmt":"2013-03-11T16:43:30","slug":"santiago-del-esterodetienen-a-7-hombres-que-abusaron-de-joven-con-retraso-madurativo","status":"publish","type":"post","link":"https:\/\/www.elsindical.com.ar\/notas\/santiago-del-esterodetienen-a-7-hombres-que-abusaron-de-joven-con-retraso-madurativo\/","title":{"rendered":"Santiago del Estero:Detienen a 7 hombres que abusaron de joven con retraso madurativo"},"content":{"rendered":"<p style=\"text-align: justify;\"><em><a href=\"http:\/\/www.elsindical.com.ar\/notas\/var\/www\/html\/notas\/wp-content\/uploads\/2013\/03\/Juez-Santucho.jpg\"><img loading=\"lazy\" decoding=\"async\" class=\"alignleft size-medium wp-image-33321\" alt=\"Juez-Santucho\" src=\"http:\/\/www.elsindical.com.ar\/notas\/var\/www\/html\/notas\/wp-content\/uploads\/2013\/03\/Juez-Santucho-300x200.jpg\" width=\"300\" height=\"200\" srcset=\"https:\/\/www.elsindical.com.ar\/notas\/var\/www\/html\/notas\/wp-content\/uploads\/2013\/03\/Juez-Santucho-300x200.jpg 300w, https:\/\/www.elsindical.com.ar\/notas\/var\/www\/html\/notas\/wp-content\/uploads\/2013\/03\/Juez-Santucho-449x300.jpg 449w, https:\/\/www.elsindical.com.ar\/notas\/var\/www\/html\/notas\/wp-content\/uploads\/2013\/03\/Juez-Santucho.jpg 502w\" sizes=\"auto, (max-width: 300px) 100vw, 300px\" \/><\/a>Un video de la violaci\u00f3n expuso a los empleados de una panader\u00eda de un pueblo santiague\u00f1o de El Charco. El chico abusado se encuentra desaparecido desde el 31 de diciembre de 2012.<\/em><\/p>\n<p style=\"text-align: justify;\"><b>Siete hombres<\/b> fueron detenidos tras conocerse un <b>video <\/b>en el que uno de ellos somet\u00eda<b> sexualmente <\/b>a un joven con retraso madurativo que<br \/>\npermanec\u00eda desaparecido desde hace m\u00e1s de tres meses, en el<b> pueblo santiague\u00f1o de El Charco<\/b>.<\/p>\n<p>Entre los detenidos se encontraban varios empleados de una panader\u00eda, en la que se habr\u00eda producido la vejaci\u00f3n del muchacho, cuya identidad no hab\u00eda sido difundida.<\/p>\n<p>Seg\u00fan trascendi\u00f3, las im\u00e1genes incrementaron los temores de la familia del muchacho, sobre un final tr\u00e1gico.<\/p>\n<p>El video fue denunciado por un disc jockey de la zona zona, que entre diversos videos de m\u00fasica, pudo hallar el video en un archivo.<\/p>\n<p>En el mismo se puede ver al joven, cuya familia y la Polic\u00eda busca desde el pasado fin de a\u00f1o, siendo abusado por un hombre, mientras que otros cinco celebran la faena sexual, seg\u00fan la informaci\u00f3n difundida por el diario El Liberal.<\/p>\n<p>Una vez que el aberrante video lleg\u00f3 a manos de los uniformados, se inform\u00f3 el juez de Termas de R\u00edo Hondo Ra\u00fal Santucho, que dispuso una serie de medidas de prueba, como el allanamiento de la panader\u00eda, el secuestro del video, y la aprehensi\u00f3n de los sospechosos, quienes fueron trasladados a esa ciudad tur\u00edstica.<\/p>\n<p>El joven permanec\u00eda desaparecido desde el pasado 31 de diciembre, cuando le dijo a sus familiares que iba a pasar las fiestas de fin de a\u00f1o con un t\u00edo.<\/p>\n<p>Por el momento, los \u00fanicos datos sobre su paradero surgen de un grupo de personas que lo vieron en la localidad de La Florida, en la vecina provincia de Tucum\u00e1n.<\/p>\n<p>Seg\u00fan los testigos, un joven con sus caracter\u00edsticas fue visto por las calles del pueblo y varios de ellso aseguraron que pregunt\u00f3 por alojamiento.<\/p>\n","protected":false},"excerpt":{"rendered":"<p>Un video de la violaci\u00f3n expuso a los empleados de una panader\u00eda de un pueblo santiague\u00f1o de El Charco. El chico abusado se encuentra desaparecido desde el 31 de diciembre de 2012. Siete hombres fueron detenidos tras conocerse un video en el que uno de ellos somet\u00eda sexualmente a un joven con retraso madurativo que&hellip;<\/p>\n","protected":false},"author":1,"featured_media":0,"comment_status":"open","ping_status":"open","sticky":false,"template":"","format":"standard","meta":{"footnotes":""},"categories":[22],"tags":[342,2385,15575,1617,3987,1478],"class_list":["post-33320","post","type-post","status-publish","format-standard","hentry","category-policiales","tag-abuso","tag-desaparecido","tag-el-charco","tag-hombres","tag-panaderia","tag-santiago-del-estero"],"_links":{"self":[{"href":"https:\/\/www.elsindical.com.ar\/notas\/wp-json\/wp\/v2\/posts\/33320","targetHints":{"allow":["GET"]}}],"collection":[{"href":"https:\/\/www.elsindical.com.ar\/notas\/wp-json\/wp\/v2\/posts"}],"about":[{"href":"https:\/\/www.elsindical.com.ar\/notas\/wp-json\/wp\/v2\/types\/post"}],"author":[{"embeddable":true,"href":"https:\/\/www.elsindical.com.ar\/notas\/wp-json\/wp\/v2\/users\/1"}],"replies":[{"embeddable":true,"href":"https:\/\/www.elsindical.com.ar\/notas\/wp-json\/wp\/v2\/comments?post=33320"}],"version-history":[{"count":1,"href":"https:\/\/www.elsindical.com.ar\/notas\/wp-json\/wp\/v2\/posts\/33320\/revisions"}],"predecessor-version":[{"id":33322,"href":"https:\/\/www.elsindical.com.ar\/notas\/wp-json\/wp\/v2\/posts\/33320\/revisions\/33322"}],"wp:attachment":[{"href":"https:\/\/www.elsindical.com.ar\/notas\/wp-json\/wp\/v2\/media?parent=33320"}],"wp:term":[{"taxonomy":"category","embeddable":true,"href":"https:\/\/www.elsindical.com.ar\/notas\/wp-json\/wp\/v2\/categories?post=33320"},{"taxonomy":"post_tag","embeddable":true,"href":"https:\/\/www.elsindical.com.ar\/notas\/wp-json\/wp\/v2\/tags?post=33320"}],"curies":[{"name":"wp","href":"https:\/\/api.w.org\/{rel}","templated":true}]}}