{"id":33288,"date":"2013-03-10T01:45:20","date_gmt":"2013-03-10T04:45:20","guid":{"rendered":"http:\/\/www.elsindical.com.ar\/notas\/?p=33288"},"modified":"2013-03-10T01:45:20","modified_gmt":"2013-03-10T04:45:20","slug":"santa-fedetienen-a-narco-vinculado-al-jefe-de-policia-detenido","status":"publish","type":"post","link":"https:\/\/www.elsindical.com.ar\/notas\/santa-fedetienen-a-narco-vinculado-al-jefe-de-policia-detenido\/","title":{"rendered":"Santa Fe:Detienen a narco vinculado al Jefe de Polic\u00eda detenido"},"content":{"rendered":"<div id=\"bajada\" style=\"text-align: justify;\">\n<p><em><a href=\"http:\/\/www.elsindical.com.ar\/notas\/var\/www\/html\/notas\/wp-content\/uploads\/2013\/03\/Carlos-Andr\u00e9s-el-Vasco-Asca\u00edni.jpg\"><img loading=\"lazy\" decoding=\"async\" class=\"alignleft size-medium wp-image-33289\" alt=\"Carlos-Andr\u00e9s-el-Vasco-Asca\u00edni\" src=\"http:\/\/www.elsindical.com.ar\/notas\/var\/www\/html\/notas\/wp-content\/uploads\/2013\/03\/Carlos-Andr\u00e9s-el-Vasco-Asca\u00edni-300x193.jpg\" width=\"300\" height=\"193\" srcset=\"https:\/\/www.elsindical.com.ar\/notas\/var\/www\/html\/notas\/wp-content\/uploads\/2013\/03\/Carlos-Andr\u00e9s-el-Vasco-Asca\u00edni-300x193.jpg 300w, https:\/\/www.elsindical.com.ar\/notas\/var\/www\/html\/notas\/wp-content\/uploads\/2013\/03\/Carlos-Andr\u00e9s-el-Vasco-Asca\u00edni-464x300.jpg 464w, https:\/\/www.elsindical.com.ar\/notas\/var\/www\/html\/notas\/wp-content\/uploads\/2013\/03\/Carlos-Andr\u00e9s-el-Vasco-Asca\u00edni.jpg 531w\" sizes=\"auto, (max-width: 300px) 100vw, 300px\" \/><\/a>Se trata de <b>Carlos Andr\u00e9s el Vasco Asca\u00edni<\/b>, quien ten\u00eda estrechos vinculos con el ex comisario de Santa Fe, el cual contin\u00faa detenido por una investigaci\u00f3n por narcotr\u00e1fico.<\/em><\/p>\n<\/div>\n<div id=\"texto\" style=\"text-align: justify;\">\n<p>Un presunto narcotraficante\u00a0 vinculado a la causa en la que permanece detenido el ex jefe de Polic\u00eda de Santa Fe <b>Hugo Tognoli<\/b>, fue apresado en esa provincia por la Polic\u00eda Federal Argentina (PFA), luego de que se reclamara su aprehensi\u00f3n desde diciembre pasado.<\/p>\n<p>Se trata de <b>Carlos Andr\u00e9s Asca\u00edni<\/b> (37), alias <i>El Vasco<\/i>, quien ser\u00e1 indagado el pr\u00f3ximo lunes por el Juez federal 3 de Rosario, <b>Carlos Vera Barros<\/b>, que con nuevos elementos de prueba reactiv\u00f3 el expediente bajo una nueva figura, la de \u201c<i>empresa criminal conjunta<\/i>\u201d.<\/p>\n<p>La detenci\u00f3n del sindicado narco, que reside en la localidad santafesina de Villa Ca\u00f1\u00e1s, se produjo en la ma\u00f1ana del s\u00e1bado, dijeron fuentes del caso.<\/p>\n<p>Del operativo particip\u00f3 la delegaci\u00f3n Venado Tuerto de la PFA, en cuyas dependencias quedar\u00eda alojado el imputado hasta el pr\u00f3ximo lunes cuando preste declaraci\u00f3n en Rosario.<\/p>\n<p>El jueves pasado, Vera Barros detuvo a Tognoli luego de que se negara a responder preguntas en una ampliaci\u00f3n de su indagatoria, solicitada por el Fiscal del caso,<b> Juan Patricio Murray<\/b>.<\/p>\n<p>La Fiscal\u00eda pidi\u00f3 la declaraci\u00f3n y la detenci\u00f3n de Asca\u00edni en el marco de la causa por presunta protecci\u00f3n policial a la venta ilegal de estupefacientes, en la que est\u00e1 detenido Tognoli y fueron procesados otros dos polic\u00edas santafesinos.<\/p>\n<p>Murray entiende que Tognoli, Asca\u00edni y los polic\u00edas santafesinos <b>N\u00e9stor Fern\u00e1ndez<\/b> y <b>Carlos Quintana<\/b> -procesados en el caso- integraron una \u201c<i>empresa criminal conjunta<\/i>\u201d que permiti\u00f3 la venta de drogas, explicaron fuentes de la Fiscal\u00eda.<\/p>\n<p>Hasta ahora la causa s\u00f3lo hab\u00eda avanzado sobre la \u201c<i>pata policial<\/i>\u201d del caso, pero en el expediente nunca hab\u00eda comparecido el presunto narco.<\/p>\n<p>Seg\u00fan fuentes judiciales, el pedido de detenci\u00f3n de Asca\u00edni, lo hab\u00eda hecho en diciembre pasado la anterior fiscal de la causa, <b>Liliana Bettiolo<\/b>, pero no hab\u00eda sido resuelto por el Juez Vera Barros.<\/p>\n<p>\u201c<i>Despu\u00e9s de mucho tiempo el Juez decidi\u00f3 convocarlo a indagatoria<\/i>\u201d, dijo una fuente allegada al expediente.<\/p>\n<p>Adem\u00e1s, record\u00f3 que a los otros dos involucrados en el caso, el Comisario N\u00e9stor Fern\u00e1ndez y el Cabo Carlos Quintana, Vera Barros los proces\u00f3 como part\u00edcipes necesarios del delito de tenencia de estupefacientes con fines de comercializaci\u00f3n.<\/p>\n<p>Esa figura tiene una pena de 5 a 14 a\u00f1os, mientras que la de \u201c<i>empresa criminal conjunta<\/i>\u201d, que supone agravamientos, posee una escala de 6 a 20, dijeron voceros del caso.<\/p>\n<p>Adem\u00e1s, Asca\u00edni est\u00e1 procesado por narcotr\u00e1fico en una causa que tramita el juzgado federal 4 de Rosario, a cargo de <b>Marcelo Bailaque<\/b>, en la que el imputado fue excarcelado a fines del a\u00f1o pasado.<\/p>\n<p>Ese expediente se origin\u00f3 tras su detenci\u00f3n en mayo del a\u00f1o pasado en un cruce de rutas del sur de la provincia de Santa Fe, en el que la delegaci\u00f3n Venado Tuerto de la ex Drogas Peligrosas de la provincia le secuestr\u00f3 un arma y algo m\u00e1s de un kilo de coca\u00edna.<\/p>\n<p>Sin embargo, un an\u00e1lisis de laboratorio realizado m\u00e1s tarde por la Polic\u00eda determin\u00f3 que s\u00f3lo hab\u00eda una porci\u00f3n \u00ednfima de droga y el resto era az\u00facar y anest\u00e9sicos, por lo que fue excarcelado por el juez Bailaque.<\/p>\n<\/div>\n","protected":false},"excerpt":{"rendered":"<p>Se trata de Carlos Andr\u00e9s el Vasco Asca\u00edni, quien ten\u00eda estrechos vinculos con el ex comisario de Santa Fe, el cual contin\u00faa detenido por una investigaci\u00f3n por narcotr\u00e1fico. Un presunto narcotraficante\u00a0 vinculado a la causa en la que permanece detenido el ex jefe de Polic\u00eda de Santa Fe Hugo Tognoli, fue apresado en esa provincia&hellip;<\/p>\n","protected":false},"author":1,"featured_media":0,"comment_status":"open","ping_status":"open","sticky":false,"template":"","format":"standard","meta":{"footnotes":""},"categories":[22],"tags":[15564,13360,13238,698],"class_list":["post-33288","post","type-post","status-publish","format-standard","hentry","category-policiales","tag-carlos-andres-vasco-ascaini","tag-hugo-tognoli","tag-juez-federal-carlos-vera-barros","tag-pfa"],"_links":{"self":[{"href":"https:\/\/www.elsindical.com.ar\/notas\/wp-json\/wp\/v2\/posts\/33288","targetHints":{"allow":["GET"]}}],"collection":[{"href":"https:\/\/www.elsindical.com.ar\/notas\/wp-json\/wp\/v2\/posts"}],"about":[{"href":"https:\/\/www.elsindical.com.ar\/notas\/wp-json\/wp\/v2\/types\/post"}],"author":[{"embeddable":true,"href":"https:\/\/www.elsindical.com.ar\/notas\/wp-json\/wp\/v2\/users\/1"}],"replies":[{"embeddable":true,"href":"https:\/\/www.elsindical.com.ar\/notas\/wp-json\/wp\/v2\/comments?post=33288"}],"version-history":[{"count":1,"href":"https:\/\/www.elsindical.com.ar\/notas\/wp-json\/wp\/v2\/posts\/33288\/revisions"}],"predecessor-version":[{"id":33290,"href":"https:\/\/www.elsindical.com.ar\/notas\/wp-json\/wp\/v2\/posts\/33288\/revisions\/33290"}],"wp:attachment":[{"href":"https:\/\/www.elsindical.com.ar\/notas\/wp-json\/wp\/v2\/media?parent=33288"}],"wp:term":[{"taxonomy":"category","embeddable":true,"href":"https:\/\/www.elsindical.com.ar\/notas\/wp-json\/wp\/v2\/categories?post=33288"},{"taxonomy":"post_tag","embeddable":true,"href":"https:\/\/www.elsindical.com.ar\/notas\/wp-json\/wp\/v2\/tags?post=33288"}],"curies":[{"name":"wp","href":"https:\/\/api.w.org\/{rel}","templated":true}]}}