{"id":33275,"date":"2013-03-09T14:31:41","date_gmt":"2013-03-09T17:31:41","guid":{"rendered":"http:\/\/www.elsindical.com.ar\/notas\/?p=33275"},"modified":"2013-03-09T14:31:52","modified_gmt":"2013-03-09T17:31:52","slug":"santiago-del-esterorescatan-a-2-menores-que-se-prostituian-en-vagones-de-tren","status":"publish","type":"post","link":"https:\/\/www.elsindical.com.ar\/notas\/santiago-del-esterorescatan-a-2-menores-que-se-prostituian-en-vagones-de-tren\/","title":{"rendered":"Santiago del Estero:Rescatan a 2 menores que se prostitu\u00edan en vagones de tren"},"content":{"rendered":"<div id=\"bajada\" style=\"text-align: justify;\">\n<p><em><a href=\"http:\/\/www.elsindical.com.ar\/notas\/var\/www\/html\/notas\/wp-content\/uploads\/2013\/03\/vagones-Santiago-del-Estero.jpg\"><img loading=\"lazy\" decoding=\"async\" class=\"alignleft size-medium wp-image-33276\" alt=\"vagones-Santiago-del-Estero\" src=\"http:\/\/www.elsindical.com.ar\/notas\/var\/www\/html\/notas\/wp-content\/uploads\/2013\/03\/vagones-Santiago-del-Estero-300x193.jpg\" width=\"300\" height=\"193\" srcset=\"https:\/\/www.elsindical.com.ar\/notas\/var\/www\/html\/notas\/wp-content\/uploads\/2013\/03\/vagones-Santiago-del-Estero-300x193.jpg 300w, https:\/\/www.elsindical.com.ar\/notas\/var\/www\/html\/notas\/wp-content\/uploads\/2013\/03\/vagones-Santiago-del-Estero.jpg 413w\" sizes=\"auto, (max-width: 300px) 100vw, 300px\" \/><\/a>Ten\u00edan sexo a cambio de dinero en los vagones abandonados de una formaci\u00f3n de La Banda, Santiago del Estero. Eran regenteadas por una mujer de 30 a\u00f1os que est\u00e1 detenida. Buscan a seis chicas m\u00e1s.<\/em><\/p>\n<\/div>\n<div id=\"texto\" style=\"text-align: justify;\">\n<p><b>Vanesa <\/b>y <b>Marina<\/b> contonean sus figuras a\u00fan en formaci\u00f3n y las venden a municipales, serenos y empleados del mercado, en La Banda.<\/p>\n<p>Analfabetas, ausentes de padres, noche a noche convierten a los vagones abandonados del ferrocarril en literales albergues y antro del sexo pago.<\/p>\n<p>Las identidades son ficticias, pero sus historias tan reales que acaban de provocar un fuerte cimbronazo en el submundo de la prostituci\u00f3n merced a un operativo policial comandado ayer por la Brigada de la Unidad Regional 2, al que se plegaron la Divisi\u00f3n Trata de Personas y Comisar\u00eda del Menor y la Mujer, publica El Liberal.com.<\/p>\n<p>Pese a contar con 13 a\u00f1os, Vanesa lleva ya dos a\u00f1os en el \u2018negocio\u2019.<i> \u201cComenc\u00e9 en esto cuando ten\u00eda 11 a\u00f1os. Vivo con mi madre en el barrio Bajo de V\u00e9rtiz. A ella no le gusta lo que hago, pero siempre le doy plata. Y as\u00ed salimos todo adelante&#8230;\u201d, <\/i>relat\u00f3 ayer a una mujer polic\u00eda.<\/p>\n<p>En dos a\u00f1os aprendi\u00f3 los malos c\u00f3digos de la noche y convive con personajes que abren sus ojos cuando el resto de la gente se va a dormir. Consumidores<\/p>\n<p><i>\u201cMis clientes son muchos municipales y gente del mercado. Casi siempre me buscan por los vagones. Ah\u00ed (delata un dejo de timidez) nos vemos\u201d, <\/i>subray\u00f3.<i> <\/i><\/p>\n<p><i>\u201c\u00bfCu\u00e1nto sueles cobrarles?<\/i>\u201d, interrog\u00f3 la funcionaria.<\/p>\n<p><i>-\u201d50 pesos\u201d, <\/i>respondi\u00f3.<\/p>\n<p><i>\u201c\u00bfConoces de enfermedades y sabes c\u00f3mo cuidarte\u201d,<\/i> repregunt\u00f3 la polic\u00eda. <i>\u201cCasi nunca uso preservativos. Ellos por ah\u00ed traen alguno&#8230;\u201d,<\/i> acota.<\/p>\n<p>A su lado, Marina agacha la cabeza. Mientras aguarda ser alojada en la Comisar\u00eda del Menor y la Mujer, su amiga describe su historia. \u201cElla es medio enferma (retraso madurativo, quiz\u00e1). Yo la traje un d\u00eda. Y se qued\u00f3 conmigo\u201d.<\/p>\n<p>Vanesa deja en claro que Marina tambi\u00e9n ejerce la prostituci\u00f3n, a\u00fan con su salud un tanto fragilizada.<\/p>\n<p>Vanesa abunda en detalles que dejan pasmados a los polic\u00edas: <i>\u201cTodos vienen a los vagones. Por ah\u00ed alguno se hace el cancherito (vivo) y quieren pagarnos $ 30 o $ 40. Dos veces no nos van a joder\u201d<\/i> deja en claro.<\/p>\n<p>Pese a que el convenio es entre el adulto y las adolescentes, para la polic\u00eda hasta ayer hab\u00eda una mujer de 30 a\u00f1os, vecina de las jovencitas, regente\u00e1ndolas.<\/p>\n<p>Ella les buscaba clientes. Y hasta montaba una pseudo vigilancia; nadie puede garantizar si para brindarles protecci\u00f3n, o bien generarles presi\u00f3n y forzarlas a depender de ella s\u00ed o s\u00ed: que es casi lo mismo a asegurarse dinero de arriba.<\/p>\n<p>Ambas menores ayer fueron rescatadas por la polic\u00eda, al irrumpir en los vagones en pleno ejercicio de la prostituci\u00f3n.<\/p>\n<p><i>\u201cSomos media docena\u201d,<\/i> desliz\u00f3 Vanesa a los funcionarios, antes de ser ascendidas a un patrullero que las llev\u00f3 a la Comisar\u00eda del Menor y la Mujer. Junto a Marina, la menor recibir\u00e1 ayuda.<\/p>\n<p>La adulta ser\u00eda imputada por \u201cpromoci\u00f3n y facilitaci\u00f3n a la prostituci\u00f3n\u201d.<\/p>\n<\/div>\n","protected":false},"excerpt":{"rendered":"<p>Ten\u00edan sexo a cambio de dinero en los vagones abandonados de una formaci\u00f3n de La Banda, Santiago del Estero. Eran regenteadas por una mujer de 30 a\u00f1os que est\u00e1 detenida. Buscan a seis chicas m\u00e1s. Vanesa y Marina contonean sus figuras a\u00fan en formaci\u00f3n y las venden a municipales, serenos y empleados del mercado, en&hellip;<\/p>\n","protected":false},"author":1,"featured_media":0,"comment_status":"open","ping_status":"open","sticky":false,"template":"","format":"standard","meta":{"footnotes":""},"categories":[22],"tags":[742,2239,252,30,491,1478,6737,5153],"class_list":["post-33275","post","type-post","status-publish","format-standard","hentry","category-policiales","tag-detenidos","tag-marina","tag-menores","tag-policia","tag-prostitucion","tag-santiago-del-estero","tag-vagones","tag-vanesa"],"_links":{"self":[{"href":"https:\/\/www.elsindical.com.ar\/notas\/wp-json\/wp\/v2\/posts\/33275","targetHints":{"allow":["GET"]}}],"collection":[{"href":"https:\/\/www.elsindical.com.ar\/notas\/wp-json\/wp\/v2\/posts"}],"about":[{"href":"https:\/\/www.elsindical.com.ar\/notas\/wp-json\/wp\/v2\/types\/post"}],"author":[{"embeddable":true,"href":"https:\/\/www.elsindical.com.ar\/notas\/wp-json\/wp\/v2\/users\/1"}],"replies":[{"embeddable":true,"href":"https:\/\/www.elsindical.com.ar\/notas\/wp-json\/wp\/v2\/comments?post=33275"}],"version-history":[{"count":3,"href":"https:\/\/www.elsindical.com.ar\/notas\/wp-json\/wp\/v2\/posts\/33275\/revisions"}],"predecessor-version":[{"id":33279,"href":"https:\/\/www.elsindical.com.ar\/notas\/wp-json\/wp\/v2\/posts\/33275\/revisions\/33279"}],"wp:attachment":[{"href":"https:\/\/www.elsindical.com.ar\/notas\/wp-json\/wp\/v2\/media?parent=33275"}],"wp:term":[{"taxonomy":"category","embeddable":true,"href":"https:\/\/www.elsindical.com.ar\/notas\/wp-json\/wp\/v2\/categories?post=33275"},{"taxonomy":"post_tag","embeddable":true,"href":"https:\/\/www.elsindical.com.ar\/notas\/wp-json\/wp\/v2\/tags?post=33275"}],"curies":[{"name":"wp","href":"https:\/\/api.w.org\/{rel}","templated":true}]}}