{"id":33195,"date":"2013-03-05T11:19:23","date_gmt":"2013-03-05T14:19:23","guid":{"rendered":"http:\/\/www.elsindical.com.ar\/notas\/?p=33195"},"modified":"2013-03-05T11:19:23","modified_gmt":"2013-03-05T14:19:23","slug":"quilmesdetuvieron-al-uruguayo-jefe-de-la-barra-brava-de-arsenal","status":"publish","type":"post","link":"https:\/\/www.elsindical.com.ar\/notas\/quilmesdetuvieron-al-uruguayo-jefe-de-la-barra-brava-de-arsenal\/","title":{"rendered":"Quilmes:Detuvieron al Uruguayo, jefe de la barra brava de Arsenal"},"content":{"rendered":"<p style=\"text-align: justify;\"><em><a href=\"http:\/\/www.elsindical.com.ar\/notas\/var\/www\/html\/notas\/wp-content\/uploads\/2013\/03\/auto-robado-y-recuperado.jpg\"><img loading=\"lazy\" decoding=\"async\" class=\"alignleft size-medium wp-image-33196\" alt=\"auto-robado-y-recuperado\" src=\"http:\/\/www.elsindical.com.ar\/notas\/var\/www\/html\/notas\/wp-content\/uploads\/2013\/03\/auto-robado-y-recuperado-300x225.jpg\" width=\"300\" height=\"225\" srcset=\"https:\/\/www.elsindical.com.ar\/notas\/var\/www\/html\/notas\/wp-content\/uploads\/2013\/03\/auto-robado-y-recuperado-300x225.jpg 300w, https:\/\/www.elsindical.com.ar\/notas\/var\/www\/html\/notas\/wp-content\/uploads\/2013\/03\/auto-robado-y-recuperado-399x300.jpg 399w, https:\/\/www.elsindical.com.ar\/notas\/var\/www\/html\/notas\/wp-content\/uploads\/2013\/03\/auto-robado-y-recuperado.jpg 413w\" sizes=\"auto, (max-width: 300px) 100vw, 300px\" \/><\/a>Ocurri\u00f3 el viernes, cuando efectivos de la subcomisar\u00eda de Don Bosco lo persiguieron por ser sospechoso del robo de un auto a un cobrador de un frigor\u00edfico en una carnicer\u00eda. La Fiscal\u00eda N\u00ba 2 caratul\u00f3 el hecho como de robo agravado y encubrimiento.<\/em><\/p>\n<p style=\"text-align: justify;\">Efectivos de la Subcomisar\u00eda de Don Bosco, detuvieron al jefe de la barra brava de Arsenal de Sarand\u00ed, conocido como \u00abEl Uruguayo\u00bb por robo agravado y el uso de armas de fuego.<\/p>\n<p style=\"text-align: justify;\">El hecho ocurri\u00f3 luego de que los comandados por el Subcomisario Andr\u00e9s Delicia, se notificaran sobre el robo de una carnicer\u00eda en la zona de Villa Dom\u00ednico, donde tres sujetos armados sustrajeron dinero, celulares y un autom\u00f3vil VW GOL gris a un cobrador de un frigor\u00edfico.La v\u00edctima hizo la denuncia telef\u00f3nica al 911 y a trav\u00e9s del sistema satelital del veh\u00edculo se puedo constatar que se hallaba en jurisdicci\u00f3n de Don Bosco. All\u00ed es cuando el personal de la subcomisar\u00eda observa el ingreso de un automovil de similares caracter\u00edsticas a una vivienda de la calle Viejobueno y Los Andes.<\/p>\n<p style=\"text-align: justify;\">Los efectivos solicitaron apoyo al verse superado en la capacidad num\u00e9rica y posteriormente procedieron al ingreso a la vivienda en urgencia. Qued\u00f3 aprendida la moradora del lugar, por demorar el ingreso policial. Una vez dentro se procede al secuestro del vehiculo VW GOL patente HAA-555 robado en Villa Dom\u00ednico, el cual se hallaba en el fondo de la vivienda, donde se hallaron tambi\u00e9n tres veh\u00edculos mas (un Toyota Corolla, un Peugeot 504 y un Fiat Siena), los cuales quedaron como materia de investigaci\u00f3n para determinar si son productos de il\u00edcito reciente.<\/p>\n<p style=\"text-align: justify;\">Durante la entrada al domicilio, los tres sospechosos del hecho se dieron a la fuga por los techos de las viviendas linderas. Los efectivos pudieron aprehender a uno de ellos mayor de edad y oriundo de Dock Sud, en la casa contigua, quien se identifico como El Uruguayo, jefe de la barra brava de Arsenal de Sarand\u00ed.A trav\u00e9s de un operativo cerrojo en la manzana, la Polic\u00eda logr\u00f3 dar con otro de los sujetos.<\/p>\n<p style=\"text-align: justify;\">Este se hallaba escondido debajo de un tanque de agua en una vivienda cercana. La due\u00f1a del domicilio tambi\u00e9n qued\u00f3 detenida por encubrimiento, dado que se estableci\u00f3 por declaraciones de vecinos que los aprehendidos era habituales concurrentes del lugar. Asimismo, se secuestraron celulares en el patio de la vivienda, que eran propiedad de la v\u00edctima y clientes de la carnicer\u00eda, como as\u00ed tambi\u00e9n el rastreador.El hecho qued\u00f3 a cargo de la Fiscal\u00eda N\u00ba 2 a cargo del Fiscal de turno, el doctor Mario Prieto, quien interiorizado de los pormenores del hecho, dispuso la car\u00e1tula como robo agravado en poblado y en banda con el uso de arma no habida y encubrimiento. Los dos acusados del robo del auto quedaron detenidos mientras que las dos acusadas de encubrimiento fueron notificadas en la presente causa.<\/p>\n","protected":false},"excerpt":{"rendered":"<p>Ocurri\u00f3 el viernes, cuando efectivos de la subcomisar\u00eda de Don Bosco lo persiguieron por ser sospechoso del robo de un auto a un cobrador de un frigor\u00edfico en una carnicer\u00eda. La Fiscal\u00eda N\u00ba 2 caratul\u00f3 el hecho como de robo agravado y encubrimiento. Efectivos de la Subcomisar\u00eda de Don Bosco, detuvieron al jefe de la&hellip;<\/p>\n","protected":false},"author":1,"featured_media":0,"comment_status":"open","ping_status":"open","sticky":false,"template":"","format":"standard","meta":{"footnotes":""},"categories":[22],"tags":[1076,15516,15515,2372],"class_list":["post-33195","post","type-post","status-publish","format-standard","hentry","category-policiales","tag-don-bosco","tag-el-uruguayo","tag-subcomisario-andres-delicia","tag-villa-dominico"],"_links":{"self":[{"href":"https:\/\/www.elsindical.com.ar\/notas\/wp-json\/wp\/v2\/posts\/33195","targetHints":{"allow":["GET"]}}],"collection":[{"href":"https:\/\/www.elsindical.com.ar\/notas\/wp-json\/wp\/v2\/posts"}],"about":[{"href":"https:\/\/www.elsindical.com.ar\/notas\/wp-json\/wp\/v2\/types\/post"}],"author":[{"embeddable":true,"href":"https:\/\/www.elsindical.com.ar\/notas\/wp-json\/wp\/v2\/users\/1"}],"replies":[{"embeddable":true,"href":"https:\/\/www.elsindical.com.ar\/notas\/wp-json\/wp\/v2\/comments?post=33195"}],"version-history":[{"count":1,"href":"https:\/\/www.elsindical.com.ar\/notas\/wp-json\/wp\/v2\/posts\/33195\/revisions"}],"predecessor-version":[{"id":33197,"href":"https:\/\/www.elsindical.com.ar\/notas\/wp-json\/wp\/v2\/posts\/33195\/revisions\/33197"}],"wp:attachment":[{"href":"https:\/\/www.elsindical.com.ar\/notas\/wp-json\/wp\/v2\/media?parent=33195"}],"wp:term":[{"taxonomy":"category","embeddable":true,"href":"https:\/\/www.elsindical.com.ar\/notas\/wp-json\/wp\/v2\/categories?post=33195"},{"taxonomy":"post_tag","embeddable":true,"href":"https:\/\/www.elsindical.com.ar\/notas\/wp-json\/wp\/v2\/tags?post=33195"}],"curies":[{"name":"wp","href":"https:\/\/api.w.org\/{rel}","templated":true}]}}