{"id":33157,"date":"2013-03-02T20:58:26","date_gmt":"2013-03-02T23:58:26","guid":{"rendered":"http:\/\/www.elsindical.com.ar\/notas\/?p=33157"},"modified":"2013-03-02T20:58:39","modified_gmt":"2013-03-02T23:58:39","slug":"en-abril-volveran-a-aumentar-los-peajes-de-las-autopistas-portenas","status":"publish","type":"post","link":"https:\/\/www.elsindical.com.ar\/notas\/en-abril-volveran-a-aumentar-los-peajes-de-las-autopistas-portenas\/","title":{"rendered":"En abril volver\u00e1n a aumentar los peajes de las autopistas porte\u00f1as"},"content":{"rendered":"<div style=\"text-align: justify;\">\n<p><em><a href=\"http:\/\/www.elsindical.com.ar\/notas\/var\/www\/html\/notas\/wp-content\/uploads\/2013\/03\/peaje-a-Capital.jpg\"><img loading=\"lazy\" decoding=\"async\" class=\"alignleft size-medium wp-image-33158\" alt=\"peaje-a-Capital\" src=\"http:\/\/www.elsindical.com.ar\/notas\/var\/www\/html\/notas\/wp-content\/uploads\/2013\/03\/peaje-a-Capital-300x224.jpg\" width=\"300\" height=\"224\" srcset=\"https:\/\/www.elsindical.com.ar\/notas\/var\/www\/html\/notas\/wp-content\/uploads\/2013\/03\/peaje-a-Capital-300x224.jpg 300w, https:\/\/www.elsindical.com.ar\/notas\/var\/www\/html\/notas\/wp-content\/uploads\/2013\/03\/peaje-a-Capital-400x300.jpg 400w, https:\/\/www.elsindical.com.ar\/notas\/var\/www\/html\/notas\/wp-content\/uploads\/2013\/03\/peaje-a-Capital.jpg 502w\" sizes=\"auto, (max-width: 300px) 100vw, 300px\" \/><\/a>El gobierno de Macri determin\u00f3 un nuevo incremento en las tarifas que se pagan por transitar en las autov\u00edas, por lo que desde el pr\u00f3ximo mes costar\u00e1n un <strong>26,5% m\u00e1s<\/strong>. Ser\u00e1 la <strong>segunda<\/strong> suba del a\u00f1o.<\/em><\/p>\n<p>A partir del nuevo aumento, por ejemplo, el peaje de las autopistas <strong>25 de Mayo o la Perito<\/strong> <strong>Moreno<\/strong>, para un auto de dos ejes, costar\u00e1 <strong>$14 en hora pico y $11 en hora no pico<\/strong>. El precio actual es de <strong>$11 y $8,75<\/strong>.<\/p>\n<p>En la <strong>Illia<\/strong>, los costos ser\u00e1n de <strong>$5,50<\/strong> <strong>en<\/strong> <strong>hora<\/strong> <strong>pico<\/strong> y <strong>$3,50 en hora no pico<\/strong>, mientras que en la <strong>Bajada Alberti<\/strong>, el precio \u00fanico pasar\u00e1 a ser de <strong>$3,50<\/strong>.<\/p>\n<p>Las tarifas diferenciadas para el horario pico fueron implementadas en <strong>2008<\/strong>, y rige de lunes a viernes de <strong>7 a 10 de la ma\u00f1ana<\/strong>, en sentido a <strong>Capital<\/strong>, y de <strong>17 a 20, en sentido a Provincia<\/strong>.<\/p>\n<p>Este ser\u00e1 el <strong>segundo aumento del a\u00f1o<\/strong>, el primero fue en <strong>enero<\/strong> (10%), y el <strong>cuarto<\/strong> desde diciembre de 2011, seg\u00fan publica este s\u00e1bado un matutino porte\u00f1o.<\/p>\n<p>De acuerdo al presidente de AUSA, <strong>Gustavo Matta<\/strong>, la suba de tarifas es <strong>necesaria<\/strong> \u201cpor la inflaci\u00f3n\u201d, y adem\u00e1s prometi\u00f3 que \u201c<strong>posibilitar\u00e1 mantener un nivel adecuado de ejecuci\u00f3n de las obras p\u00fablicas<\/strong>\u201d.<\/p>\n<p>Seg\u00fan el gobierno porte\u00f1o, una de las razones para los aumentos es <strong>fomentar el uso del transporte p\u00fablico<\/strong>. Al respecto, el coordinador del Comit\u00e9 Nacional de Defensa del Usuario Vial (Conaduv), <strong>Ricardo<\/strong> <strong>Lasca<\/strong>, asegur\u00f3 que \u201cpara lograr en forma efectiva desalentar el uso de los veh\u00edculos, <strong>hay que contar con transporte p\u00fablico de pasajeros de excelencia<\/strong>, cosa que no ocurre\u201d.<\/p>\n<\/div>\n","protected":false},"excerpt":{"rendered":"<p>El gobierno de Macri determin\u00f3 un nuevo incremento en las tarifas que se pagan por transitar en las autov\u00edas, por lo que desde el pr\u00f3ximo mes costar\u00e1n un 26,5% m\u00e1s. Ser\u00e1 la segunda suba del a\u00f1o. A partir del nuevo aumento, por ejemplo, el peaje de las autopistas 25 de Mayo o la Perito Moreno,&hellip;<\/p>\n","protected":false},"author":1,"featured_media":0,"comment_status":"open","ping_status":"open","sticky":false,"template":"","format":"standard","meta":{"footnotes":""},"categories":[9],"tags":[15500,4881,2398,442],"class_list":["post-33157","post","type-post","status-publish","format-standard","hentry","category-economia","tag-autopistas","tag-capital","tag-peajes","tag-provincia"],"_links":{"self":[{"href":"https:\/\/www.elsindical.com.ar\/notas\/wp-json\/wp\/v2\/posts\/33157","targetHints":{"allow":["GET"]}}],"collection":[{"href":"https:\/\/www.elsindical.com.ar\/notas\/wp-json\/wp\/v2\/posts"}],"about":[{"href":"https:\/\/www.elsindical.com.ar\/notas\/wp-json\/wp\/v2\/types\/post"}],"author":[{"embeddable":true,"href":"https:\/\/www.elsindical.com.ar\/notas\/wp-json\/wp\/v2\/users\/1"}],"replies":[{"embeddable":true,"href":"https:\/\/www.elsindical.com.ar\/notas\/wp-json\/wp\/v2\/comments?post=33157"}],"version-history":[{"count":2,"href":"https:\/\/www.elsindical.com.ar\/notas\/wp-json\/wp\/v2\/posts\/33157\/revisions"}],"predecessor-version":[{"id":33160,"href":"https:\/\/www.elsindical.com.ar\/notas\/wp-json\/wp\/v2\/posts\/33157\/revisions\/33160"}],"wp:attachment":[{"href":"https:\/\/www.elsindical.com.ar\/notas\/wp-json\/wp\/v2\/media?parent=33157"}],"wp:term":[{"taxonomy":"category","embeddable":true,"href":"https:\/\/www.elsindical.com.ar\/notas\/wp-json\/wp\/v2\/categories?post=33157"},{"taxonomy":"post_tag","embeddable":true,"href":"https:\/\/www.elsindical.com.ar\/notas\/wp-json\/wp\/v2\/tags?post=33157"}],"curies":[{"name":"wp","href":"https:\/\/api.w.org\/{rel}","templated":true}]}}