{"id":33100,"date":"2013-02-28T14:40:04","date_gmt":"2013-02-28T17:40:04","guid":{"rendered":"http:\/\/www.elsindical.com.ar\/notas\/?p=33100"},"modified":"2013-02-28T14:40:04","modified_gmt":"2013-02-28T17:40:04","slug":"san-telmose-realizo-una-marcha-a-1-mes-del-asesinato-de-nicolas-pidiendo-justicia","status":"publish","type":"post","link":"https:\/\/www.elsindical.com.ar\/notas\/san-telmose-realizo-una-marcha-a-1-mes-del-asesinato-de-nicolas-pidiendo-justicia\/","title":{"rendered":"San Telmo:Se realiz\u00f3 una marcha a 1 mes del asesinato de Nicol\u00e1s pidiendo justicia"},"content":{"rendered":"<p style=\"text-align: justify;\">\u00a0\u00a0 <img loading=\"lazy\" decoding=\"async\" class=\"alignnone\" alt=\"\" src=\"http:\/\/sphotos-c.ak.fbcdn.net\/hphotos-ak-ash3\/59740_10200180427329663_1277957041_n.jpg\" width=\"960\" height=\"643\" \/><em>Ayer a las 18:00 hs, vecinos, amigos y familiares de Nicol\u00e1s Degli Innocenti, el joven asesinado a pocas cuadras del boliche Museum, como final de una presunta pelea que habr\u00eda ocurrido dentro del lugar se\u00f1alado.<\/em><\/p>\n<p style=\"text-align: justify;\">A un mes de la muerte de Nicol\u00e1s Degli Innocenti, la familia reiter\u00f3 su pedido de justicia con una marcha, que reuni\u00f3 a vecinos, amigos, familiares y una importante presencia de funcionarios municipales. El padre del joven fallecido, Jorge, anunci\u00f3 que hay detenidos y celebr\u00f3 que varios testigos est\u00e9n a la espera de prestar declaraci\u00f3n ante la Justicia.<\/p>\n<p>Ayer se realiz\u00f3 una marcha\u00a0 para recordar a Nicol\u00e1s, padre de un chiquito de apenas 3 a\u00f1os. La convocatoria tuvo lugar frente al boliche Museum, en Per\u00fa 535, San Telmo,\u00a0Capital Federal, donde ocurri\u00f3 el asesinato que termin\u00f3 con la vida de Nicol\u00e1s.<\/p>\n<p>Jorge\u00a0coment\u00f3 a los medios\u00a0que \u201chay nuevos detenidos en la causa\u201d, y destac\u00f3 los \u201cavances\u201d. \u201cHay gente para declarar ante el juzgado\u201d, remarc\u00f3 el presidente del Consejo de Medios Audiovisuales de Avellaneda.<\/p>\n<p>\u201cEst\u00e1 muy avanzada la causa\u201d, celebr\u00f3 el funcionario avellanedense, quien desde el d\u00eda del accidente emprendi\u00f3 la ardua tarea de recabar datos y pedir testigos del hecho vial.<\/p>\n<p>El 27 de enero, Nicol\u00e1s caminaba junto a un grupo de amigos y cuando se dispuso a cruzar la calle lo atropellaron. El hecho ocurri\u00f3 alrededor de las 05:00 hs., cuando un conductor no identificado en un autom\u00f3vil Toyota color champagne atropell\u00f3 al joven en la intersecci\u00f3n de las calles Per\u00fa y Chile, en la Ciudad de Buenos Aires. El conductor escap\u00f3 apenas sucedi\u00f3 el hecho.<\/p>\n<p>El veh\u00edculo fue encontrado m\u00e1s tarde. El 7 de este mes, dos detectives de la Divisi\u00f3n de Homicidios de la Polic\u00eda Federal lo encontraron abandonado y sin reparar en el taller de La Boca donde un llamado an\u00f3nimo hab\u00eda alertado que estaba.<\/p>\n<p>La causa est\u00e1 en manos de la Jueza de instrucci\u00f3n 31, Susana Cartasegna, quien libr\u00f3 las \u00f3rdenes de todos los allanamientos realizados hasta el momento, y a cargo de laFiscal\u00eda Nacional de Instrucci\u00f3n 49, quien solicit\u00f3 las primeras medidas por delegaci\u00f3n de la instrucci\u00f3n de la causa.<\/p>\n<p>Alb\u00fan de fotos:<br \/>\nhttp:\/\/www.facebook.com\/media\/set\/?set=a.10200180426209635.1073741825.1121001251&#038;type=1&#038;l=fd4708a529<\/p>\n","protected":false},"excerpt":{"rendered":"<p>\u00a0\u00a0 Ayer a las 18:00 hs, vecinos, amigos y familiares de Nicol\u00e1s Degli Innocenti, el joven asesinado a pocas cuadras del boliche Museum, como final de una presunta pelea que habr\u00eda ocurrido dentro del lugar se\u00f1alado. A un mes de la muerte de Nicol\u00e1s Degli Innocenti, la familia reiter\u00f3 su pedido de justicia con una&hellip;<\/p>\n","protected":false},"author":1,"featured_media":0,"comment_status":"open","ping_status":"open","sticky":false,"template":"","format":"standard","meta":{"footnotes":""},"categories":[25],"tags":[15486,41,156,15327,14971,1677],"class_list":["post-33100","post","type-post","status-publish","format-standard","hentry","category-sociedad","tag-jorge-degli-innocenti","tag-justicia","tag-marcha","tag-museum","tag-nicolas-degli-innocenti","tag-san-telmo"],"_links":{"self":[{"href":"https:\/\/www.elsindical.com.ar\/notas\/wp-json\/wp\/v2\/posts\/33100","targetHints":{"allow":["GET"]}}],"collection":[{"href":"https:\/\/www.elsindical.com.ar\/notas\/wp-json\/wp\/v2\/posts"}],"about":[{"href":"https:\/\/www.elsindical.com.ar\/notas\/wp-json\/wp\/v2\/types\/post"}],"author":[{"embeddable":true,"href":"https:\/\/www.elsindical.com.ar\/notas\/wp-json\/wp\/v2\/users\/1"}],"replies":[{"embeddable":true,"href":"https:\/\/www.elsindical.com.ar\/notas\/wp-json\/wp\/v2\/comments?post=33100"}],"version-history":[{"count":1,"href":"https:\/\/www.elsindical.com.ar\/notas\/wp-json\/wp\/v2\/posts\/33100\/revisions"}],"predecessor-version":[{"id":33101,"href":"https:\/\/www.elsindical.com.ar\/notas\/wp-json\/wp\/v2\/posts\/33100\/revisions\/33101"}],"wp:attachment":[{"href":"https:\/\/www.elsindical.com.ar\/notas\/wp-json\/wp\/v2\/media?parent=33100"}],"wp:term":[{"taxonomy":"category","embeddable":true,"href":"https:\/\/www.elsindical.com.ar\/notas\/wp-json\/wp\/v2\/categories?post=33100"},{"taxonomy":"post_tag","embeddable":true,"href":"https:\/\/www.elsindical.com.ar\/notas\/wp-json\/wp\/v2\/tags?post=33100"}],"curies":[{"name":"wp","href":"https:\/\/api.w.org\/{rel}","templated":true}]}}