{"id":33097,"date":"2013-02-28T13:29:01","date_gmt":"2013-02-28T16:29:01","guid":{"rendered":"http:\/\/www.elsindical.com.ar\/notas\/?p=33097"},"modified":"2013-02-28T13:29:01","modified_gmt":"2013-02-28T16:29:01","slug":"pablo-podestabalean-al-hermano-de-candela-de-tan-solo-15-anos","status":"publish","type":"post","link":"https:\/\/www.elsindical.com.ar\/notas\/pablo-podestabalean-al-hermano-de-candela-de-tan-solo-15-anos\/","title":{"rendered":"Pablo Podest\u00e1:Balean al hermano de Candela de tan solo 15 a\u00f1os"},"content":{"rendered":"<div style=\"text-align: justify;\">\n<p><em><a href=\"http:\/\/www.elsindical.com.ar\/notas\/var\/www\/html\/notas\/wp-content\/uploads\/2011\/09\/disparos-malandra.jpg\"><img loading=\"lazy\" decoding=\"async\" class=\"alignleft size-medium wp-image-17068\" alt=\"disparos-malandra\" src=\"http:\/\/www.elsindical.com.ar\/notas\/var\/www\/html\/notas\/wp-content\/uploads\/2011\/09\/disparos-malandra-300x210.jpg\" width=\"300\" height=\"210\" srcset=\"https:\/\/www.elsindical.com.ar\/notas\/var\/www\/html\/notas\/wp-content\/uploads\/2011\/09\/disparos-malandra-300x210.jpg 300w, https:\/\/www.elsindical.com.ar\/notas\/var\/www\/html\/notas\/wp-content\/uploads\/2011\/09\/disparos-malandra.jpg 325w\" sizes=\"auto, (max-width: 300px) 100vw, 300px\" \/><\/a>El joven de <strong>15 a\u00f1os<\/strong> fue atacado por motochorros en la localidad bonaerense de Pablo Podest\u00e1. Seg\u00fan su madre, se neg\u00f3 a entregar el celular y recibi\u00f3 <strong>un disparo<\/strong>. Fue derivado al hospital Bocalandro.<\/em><\/p>\n<p>Emanuel, el hermano de Candela Sol Rodr\u00edguez, la nena secuestrada y asesinada en agosto de 2011, result\u00f3 herido de un balazo cuando fue sorprendido en el barrio Pablo Podest\u00e1, partido de Tres de Febrero, por un grupo de delincuentes que lo amenazaron con un arma de fuego para robarle el celular.<\/p>\n<p>El joven de 15 a\u00f1os se resisti\u00f3 al asalto y recibi\u00f3 un tiro en uno de sus muslos, aunque se encuentra fuera de peligro.<\/p>\n<p>El hermano de Carola fue derivado de inmediato al hospital zonal general de agudos Dr. Bocalandro, ubicado en la localidad de Loma Hermosa, donde fue atendido por los m\u00e9dicos sin mayores riesgos.<\/p>\n<p>Su madre, Carola Labrador asegur\u00f3 que no se trat\u00f3 de un ataque premeditado, que fue un robo al boleo y que \u201cle puede pasar a cualquier persona\u201d.<\/p>\n<p>\u201cEstaban en moto, le pidieron el celular y no se los quiso dar. Estaba cerca de la casa de mi mam\u00e1\u201d, cont\u00f3 Labrador.<\/p>\n<p>\u00abNosotros tenemos custodia pero en mi casa, lo de Emanuel fue carca de la casa de la abuela, por suerte no es nada grave\u00bb, indic\u00f3 en declaraciones televisivas.<\/p>\n<\/div>\n","protected":false},"excerpt":{"rendered":"<p>El joven de 15 a\u00f1os fue atacado por motochorros en la localidad bonaerense de Pablo Podest\u00e1. Seg\u00fan su madre, se neg\u00f3 a entregar el celular y recibi\u00f3 un disparo. Fue derivado al hospital Bocalandro. Emanuel, el hermano de Candela Sol Rodr\u00edguez, la nena secuestrada y asesinada en agosto de 2011, result\u00f3 herido de un balazo&hellip;<\/p>\n","protected":false},"author":1,"featured_media":0,"comment_status":"open","ping_status":"open","sticky":false,"template":"","format":"standard","meta":{"footnotes":""},"categories":[22],"tags":[410,8046,15483,308,10975],"class_list":["post-33097","post","type-post","status-publish","format-standard","hentry","category-policiales","tag-baleado","tag-candela","tag-hospital-bocalandro","tag-motochorros","tag-tres-de-febrero"],"_links":{"self":[{"href":"https:\/\/www.elsindical.com.ar\/notas\/wp-json\/wp\/v2\/posts\/33097","targetHints":{"allow":["GET"]}}],"collection":[{"href":"https:\/\/www.elsindical.com.ar\/notas\/wp-json\/wp\/v2\/posts"}],"about":[{"href":"https:\/\/www.elsindical.com.ar\/notas\/wp-json\/wp\/v2\/types\/post"}],"author":[{"embeddable":true,"href":"https:\/\/www.elsindical.com.ar\/notas\/wp-json\/wp\/v2\/users\/1"}],"replies":[{"embeddable":true,"href":"https:\/\/www.elsindical.com.ar\/notas\/wp-json\/wp\/v2\/comments?post=33097"}],"version-history":[{"count":0,"href":"https:\/\/www.elsindical.com.ar\/notas\/wp-json\/wp\/v2\/posts\/33097\/revisions"}],"wp:attachment":[{"href":"https:\/\/www.elsindical.com.ar\/notas\/wp-json\/wp\/v2\/media?parent=33097"}],"wp:term":[{"taxonomy":"category","embeddable":true,"href":"https:\/\/www.elsindical.com.ar\/notas\/wp-json\/wp\/v2\/categories?post=33097"},{"taxonomy":"post_tag","embeddable":true,"href":"https:\/\/www.elsindical.com.ar\/notas\/wp-json\/wp\/v2\/tags?post=33097"}],"curies":[{"name":"wp","href":"https:\/\/api.w.org\/{rel}","templated":true}]}}