{"id":33051,"date":"2013-02-26T08:30:59","date_gmt":"2013-02-26T11:30:59","guid":{"rendered":"http:\/\/www.elsindical.com.ar\/notas\/?p=33051"},"modified":"2013-02-26T08:30:59","modified_gmt":"2013-02-26T11:30:59","slug":"la-riojamurio-lidia-medina-principal-acusada-por-el-secuestro-y-prostitucion-de-marita-veron","status":"publish","type":"post","link":"https:\/\/www.elsindical.com.ar\/notas\/la-riojamurio-lidia-medina-principal-acusada-por-el-secuestro-y-prostitucion-de-marita-veron\/","title":{"rendered":"La Rioja:Muri\u00f3 Lidia Medina, principal acusada por el secuestro y prostituci\u00f3n de Marita Ver\u00f3n"},"content":{"rendered":"<p style=\"text-align: justify;\"><em><a href=\"http:\/\/www.elsindical.com.ar\/notas\/var\/www\/html\/notas\/wp-content\/uploads\/2012\/03\/Liliana-Medina.jpg\"><img loading=\"lazy\" decoding=\"async\" class=\"alignleft size-medium wp-image-22242\" alt=\"Liliana-Medina\" src=\"http:\/\/www.elsindical.com.ar\/notas\/var\/www\/html\/notas\/wp-content\/uploads\/2012\/03\/Liliana-Medina-300x225.jpg\" width=\"300\" height=\"225\" srcset=\"https:\/\/www.elsindical.com.ar\/notas\/var\/www\/html\/notas\/wp-content\/uploads\/2012\/03\/Liliana-Medina-300x225.jpg 300w, https:\/\/www.elsindical.com.ar\/notas\/var\/www\/html\/notas\/wp-content\/uploads\/2012\/03\/Liliana-Medina.jpg 413w\" sizes=\"auto, (max-width: 300px) 100vw, 300px\" \/><\/a>Quien cumpl\u00eda arresto por una causa por tenencia de estupefacientes en un penal riojano, hab\u00eda sido hospitalizada el viernes luego de padecer un paro cardiorespiratorio en la c\u00e1rcel. En las \u00faltimas horas estuvo asistida con un respirador artificial y manifestaciones de fiebre.<\/em><\/p>\n<p style=\"text-align: justify;\">Lidia Irma Medina, una de las mujeres que estuvo imputada en el juicio por la desaparici\u00f3n de Marita Ver\u00f3n, falleci\u00f3 hoy en un hospital de la ciudad de La Rioja, seg\u00fan indicaron sus allegados.<\/p>\n<p>Desde el nosocomio local tambi\u00e9n se confirm\u00f3 el deceso de Medina, quien estaba internada desde el pasado viernes, cuando sufri\u00f3 dos paros cardiorespiratorios en el Servicio Penitenciario donde cumpl\u00eda un arresto preventivo en el marco de una causa por tenencia de drogas.<\/p>\n<p>La mujer estuvo imputada en el juicio por la desaparici\u00f3n de Mar\u00eda de los Angeles Ver\u00f3n, conocida como \u00abMarita\u00bb, pero el tribunal la absolvi\u00f3, al igual que a las otras 12 personas que fueron llevadas ante la justicia.<\/p>\n<p>Medina estuvo acusada de haber \u00abcomprado\u00bb a Marita Ver\u00f3n para obligarla a prostituirse en los locales de su propiedad \u00abCandy\u00bb, \u00abCandilejas\u00bb y \u00abDesaf\u00edo\u00bb.<\/p>\n<p>Sin embargo, no logr\u00f3 probarse que Medina haya cometido el delito que se le imputaba, por lo que fue absuelta por los jueces Alberto Piedrabuena, Emilio Herrera Molina y Eduardo Romero Lascano.<\/p>\n<p>A Medina se la conoc\u00eda como \u00abLa Mam\u00e1 Lili\u00bb, y lleg\u00f3 al juicio detenida, dado que fue arrestada en la terminal de \u00f3mnibus de La Rioja en compa\u00f1\u00eda de una mujer que acababa de llegar de Tucum\u00e1n, y que llevaba coca\u00edna en su cartera.<\/p>\n<p>Por esa causa, Medina fue alojada en la Brigada Femenina, pero posteriormente fue llevada a un penal del Servicio Penitenciario de La Rioja, donde estaba alojada al momento de producirse la afecci\u00f3n card\u00edaca que deriv\u00f3 en su internaci\u00f3n y posterior deceso.<\/p>\n<p>\u00abMam\u00e1 Lili\u00bb siempre fue se\u00f1alada como una de las principales responsables de la desaparici\u00f3n de Marita Ver\u00f3n -cuyo paradero a\u00fan es una inc\u00f3gnita-, pero para la Justicia resultaron insuficientes como prueba acusatoria los numerosos testimonios reunidos en su contra.<\/p>\n","protected":false},"excerpt":{"rendered":"<p>Quien cumpl\u00eda arresto por una causa por tenencia de estupefacientes en un penal riojano, hab\u00eda sido hospitalizada el viernes luego de padecer un paro cardiorespiratorio en la c\u00e1rcel. En las \u00faltimas horas estuvo asistida con un respirador artificial y manifestaciones de fiebre. Lidia Irma Medina, una de las mujeres que estuvo imputada en el juicio&hellip;<\/p>\n","protected":false},"author":1,"featured_media":0,"comment_status":"open","ping_status":"open","sticky":false,"template":"","format":"standard","meta":{"footnotes":""},"categories":[25],"tags":[237,382,2754,15462,10182,10268],"class_list":["post-33051","post","type-post","status-publish","format-standard","hentry","category-sociedad","tag-detenida","tag-drogas","tag-la-rioja","tag-lidia-irma-medina","tag-marita-veron","tag-paro-cardiorespiratorio"],"_links":{"self":[{"href":"https:\/\/www.elsindical.com.ar\/notas\/wp-json\/wp\/v2\/posts\/33051","targetHints":{"allow":["GET"]}}],"collection":[{"href":"https:\/\/www.elsindical.com.ar\/notas\/wp-json\/wp\/v2\/posts"}],"about":[{"href":"https:\/\/www.elsindical.com.ar\/notas\/wp-json\/wp\/v2\/types\/post"}],"author":[{"embeddable":true,"href":"https:\/\/www.elsindical.com.ar\/notas\/wp-json\/wp\/v2\/users\/1"}],"replies":[{"embeddable":true,"href":"https:\/\/www.elsindical.com.ar\/notas\/wp-json\/wp\/v2\/comments?post=33051"}],"version-history":[{"count":1,"href":"https:\/\/www.elsindical.com.ar\/notas\/wp-json\/wp\/v2\/posts\/33051\/revisions"}],"predecessor-version":[{"id":33052,"href":"https:\/\/www.elsindical.com.ar\/notas\/wp-json\/wp\/v2\/posts\/33051\/revisions\/33052"}],"wp:attachment":[{"href":"https:\/\/www.elsindical.com.ar\/notas\/wp-json\/wp\/v2\/media?parent=33051"}],"wp:term":[{"taxonomy":"category","embeddable":true,"href":"https:\/\/www.elsindical.com.ar\/notas\/wp-json\/wp\/v2\/categories?post=33051"},{"taxonomy":"post_tag","embeddable":true,"href":"https:\/\/www.elsindical.com.ar\/notas\/wp-json\/wp\/v2\/tags?post=33051"}],"curies":[{"name":"wp","href":"https:\/\/api.w.org\/{rel}","templated":true}]}}