{"id":32995,"date":"2013-02-24T15:15:01","date_gmt":"2013-02-24T18:15:01","guid":{"rendered":"http:\/\/www.elsindical.com.ar\/notas\/?p=32995"},"modified":"2013-02-24T15:15:01","modified_gmt":"2013-02-24T18:15:01","slug":"san-martinvecino-violo-a-una-nina-de-4-anos-en-casa-que-hacia-trabajos-de-albanileria","status":"publish","type":"post","link":"https:\/\/www.elsindical.com.ar\/notas\/san-martinvecino-violo-a-una-nina-de-4-anos-en-casa-que-hacia-trabajos-de-albanileria\/","title":{"rendered":"San Mart\u00edn:Vecino viol\u00f3 a una ni\u00f1a de 4 a\u00f1os en casa que hacia trabajos de alba\u00f1iler\u00eda"},"content":{"rendered":"<p style=\"text-align: justify;\"><em><a href=\"http:\/\/www.elsindical.com.ar\/notas\/var\/www\/html\/notas\/wp-content\/uploads\/2010\/04\/esposado-masculino.jpg\"><img loading=\"lazy\" decoding=\"async\" class=\"alignleft size-full wp-image-5660\" alt=\"esposado-masculino\" src=\"http:\/\/www.elsindical.com.ar\/notas\/var\/www\/html\/notas\/wp-content\/uploads\/2010\/04\/esposado-masculino.jpg\" width=\"198\" height=\"137\" \/><\/a>La peque\u00f1a fue trasladada al Hospital Castex donde se constat\u00f3 el ataque. Habitantes de la zona ingresaron en la vivienda del acusado e intentaron hacer justicia por mano propia.<\/em><\/p>\n<p style=\"text-align: justify;\">Un sujeto de 38 a\u00f1os viol\u00f3 a la hija de una vecina de 4 a\u00f1os en el partido bonaerense de San Mart\u00edn y al esconderse en su casa fue sacado del interior por los habitantes de la zona para lincharlo, aunque efectivos de la Polic\u00eda de la Provincia evitaron el ataque y finalmente lo llevaron detenido.<\/p>\n<p>Fuentes policiales informaron que el aberrante episodio ocurri\u00f3 durante la noche del s\u00e1bado cuando una mujer, de nombre Gabriela, le pidi\u00f3 a su vecino Pablo si le pod\u00eda hacer algunos arreglos en su casa, ubicada en la calle Saavedra al 1800.<\/p>\n<p>La se\u00f1ora aprovech\u00f3 que su nena estaba jugando y que el sujeto se encontraba realizando las reparaciones correspondientes para irse a ba\u00f1ar.<\/p>\n<p>Al salir del ba\u00f1o vio a la chiquita tirada en el piso y toda ensangrentada en las zonas \u00edntimas, por lo que la envolvi\u00f3 en una toalla y pidi\u00f3 en forma desesperada que la ayudaran otros vecinos.<\/p>\n<p>De inmediato, la peque\u00f1a fue trasladada al Hospital Castex de San Mart\u00edn, donde se constat\u00f3 la violaci\u00f3n sufrida por la peque\u00f1a, quien relat\u00f3 a m\u00e9dicos y polic\u00edas lo que le hab\u00eda dicho el atacante antes de consumar el abuso.<\/p>\n<p>En tanto, un grupo de vecinos fue hasta la casa de ese sujeto, se metieron en su casa e intentaron lincharlo, pero fue salvado por personal de la comisar\u00eda San Mart\u00edn 1ra., quienes fueron alertados por los familiares del presunto abusador.<\/p>\n<p>De inmediato, y ante el relato de los hechos, los uniformados se llevaron detenido a esta persona, quien permanece en ese seccional a disposici\u00f3n de la Justicia.<\/p>\n","protected":false},"excerpt":{"rendered":"<p>La peque\u00f1a fue trasladada al Hospital Castex donde se constat\u00f3 el ataque. Habitantes de la zona ingresaron en la vivienda del acusado e intentaron hacer justicia por mano propia. Un sujeto de 38 a\u00f1os viol\u00f3 a la hija de una vecina de 4 a\u00f1os en el partido bonaerense de San Mart\u00edn y al esconderse en&hellip;<\/p>\n","protected":false},"author":1,"featured_media":0,"comment_status":"open","ping_status":"open","sticky":false,"template":"","format":"standard","meta":{"footnotes":""},"categories":[22],"tags":[342,15436,15437,4109,30,820,9668],"class_list":["post-32995","post","type-post","status-publish","format-standard","hentry","category-policiales","tag-abuso","tag-hospital-castex","tag-lincharlo","tag-nina","tag-policia","tag-san-martin","tag-vecina"],"_links":{"self":[{"href":"https:\/\/www.elsindical.com.ar\/notas\/wp-json\/wp\/v2\/posts\/32995","targetHints":{"allow":["GET"]}}],"collection":[{"href":"https:\/\/www.elsindical.com.ar\/notas\/wp-json\/wp\/v2\/posts"}],"about":[{"href":"https:\/\/www.elsindical.com.ar\/notas\/wp-json\/wp\/v2\/types\/post"}],"author":[{"embeddable":true,"href":"https:\/\/www.elsindical.com.ar\/notas\/wp-json\/wp\/v2\/users\/1"}],"replies":[{"embeddable":true,"href":"https:\/\/www.elsindical.com.ar\/notas\/wp-json\/wp\/v2\/comments?post=32995"}],"version-history":[{"count":1,"href":"https:\/\/www.elsindical.com.ar\/notas\/wp-json\/wp\/v2\/posts\/32995\/revisions"}],"predecessor-version":[{"id":32996,"href":"https:\/\/www.elsindical.com.ar\/notas\/wp-json\/wp\/v2\/posts\/32995\/revisions\/32996"}],"wp:attachment":[{"href":"https:\/\/www.elsindical.com.ar\/notas\/wp-json\/wp\/v2\/media?parent=32995"}],"wp:term":[{"taxonomy":"category","embeddable":true,"href":"https:\/\/www.elsindical.com.ar\/notas\/wp-json\/wp\/v2\/categories?post=32995"},{"taxonomy":"post_tag","embeddable":true,"href":"https:\/\/www.elsindical.com.ar\/notas\/wp-json\/wp\/v2\/tags?post=32995"}],"curies":[{"name":"wp","href":"https:\/\/api.w.org\/{rel}","templated":true}]}}