{"id":32947,"date":"2013-02-23T02:42:48","date_gmt":"2013-02-23T05:42:48","guid":{"rendered":"http:\/\/www.elsindical.com.ar\/notas\/?p=32947"},"modified":"2013-02-23T02:42:48","modified_gmt":"2013-02-23T05:42:48","slug":"cordobala-mujer-que-se-animo-a-denunciar-a-sus-vecinos-narcos-ahora-vende-su-casa","status":"publish","type":"post","link":"https:\/\/www.elsindical.com.ar\/notas\/cordobala-mujer-que-se-animo-a-denunciar-a-sus-vecinos-narcos-ahora-vende-su-casa\/","title":{"rendered":"C\u00f3rdoba:La mujer que se anim\u00f3 a denunciar a sus vecinos narcos ahora vende su casa"},"content":{"rendered":"<p style=\"text-align: justify;\"><em><a href=\"http:\/\/www.elsindical.com.ar\/notas\/var\/www\/html\/notas\/wp-content\/uploads\/2013\/02\/casa-M\u00f3nica-Torres-C\u00f3rdoba.jpg\"><img loading=\"lazy\" decoding=\"async\" class=\"alignleft size-medium wp-image-32948\" alt=\"casa-M\u00f3nica-Torres-C\u00f3rdoba\" src=\"http:\/\/www.elsindical.com.ar\/notas\/var\/www\/html\/notas\/wp-content\/uploads\/2013\/02\/casa-M\u00f3nica-Torres-C\u00f3rdoba-300x189.jpg\" width=\"300\" height=\"189\" srcset=\"https:\/\/www.elsindical.com.ar\/notas\/var\/www\/html\/notas\/wp-content\/uploads\/2013\/02\/casa-M\u00f3nica-Torres-C\u00f3rdoba-300x189.jpg 300w, https:\/\/www.elsindical.com.ar\/notas\/var\/www\/html\/notas\/wp-content\/uploads\/2013\/02\/casa-M\u00f3nica-Torres-C\u00f3rdoba-474x300.jpg 474w, https:\/\/www.elsindical.com.ar\/notas\/var\/www\/html\/notas\/wp-content\/uploads\/2013\/02\/casa-M\u00f3nica-Torres-C\u00f3rdoba.jpg 531w\" sizes=\"auto, (max-width: 300px) 100vw, 300px\" \/><\/a>Se trata de M\u00f3nica Torres, la mujer que sufre los ataques y agresiones de un grupo de personas en barrio Yapey\u00fa de C\u00f3rdoba. \u00abCreo que es una derrota m\u00eda y de la sociedad\u00bb, manifest\u00f3.<\/em><\/p>\n<p style=\"text-align: justify;\">M\u00f3nica Torres en un intento desesperado de obtener respuesta a sus denuncias y protecci\u00f3n para ella y su familia, recurri\u00f3 a\u00a0los medios de prensa\u00a0para contar la pesadilla que le tocaba vivir por denunciar a sus vecinos narcos.<\/p>\n<p>El llamado desesperado de M\u00f3nica Torres lleg\u00f3 el 28 de octubre de 2011 a la radio. Casi un a\u00f1o despu\u00e9s de ese pedido de auxilio, la mujer se va de su casa en la que vivi\u00f3 28 a\u00f1os porque ya le resulta insoportable las amenazas y agresiones que vive cada d\u00eda en manos de sus presuntos vecinos narcos.<\/p>\n<p>\u00abEstoy a punto de vender mi casa, apenas salga el cr\u00e9dito del Banco de C\u00f3rdoba\u00bb, dijo M\u00f3nica.<\/p>\n<p>\u00abEs una derrota m\u00eda y de la sociedad, porque no pierdo s\u00f3lo yo. Con este ejemplo la gente va a creer menos en la Justicia\u00bb, se\u00f1al\u00f3 M\u00f3nica y agreg\u00f3:\u00a0 \u00abEl que denuncia pierde\u00bb.<\/p>\n<p>\u00abSi no hubiera sido por los medios, no hubiera podido conseguir nada en cuanto a custodia policial, y que hagan algo con las denuncias\u00bb, dijo M\u00f3nica.<\/p>\n<p>\u00abHice muchas denuncia y nunca me dieron una respuesta. Para poder actuar estuvieron seis meses, para encontrar una sola denuncia porque estaban muy bien guardadas\u00bb, record\u00f3 M\u00f3nica y agreg\u00f3 que cre\u00edan \u00abque fabulaba, porque no las encontraban, entonces me preguntaban:&#8217;Est\u00e1 segura que hizo la denuncia&#8217;?\u00bb.<\/p>\n<p>Entre las m\u00faltiples agresiones que sufri\u00f3 M\u00f3nica y su familia, la mujer record\u00f3: \u00abMe golpearon a m\u00ed y a mi hijo, las mismas personas\u00bb.<\/p>\n<p>\u00abA mi hijo le lastimaron una mano y cuando llego a la Comisar\u00eda Sexta a hacer la denuncia, los mismos que lo hab\u00edan agredido estaban con sus abogados\u00bb, dijo M\u00f3nica y agreg\u00f3: \u00abLo m\u00e1s triste es que a mi hijo le pintaron los dedos\u00bb, se lament\u00f3 la vecina de barrio Yapey\u00fa.<\/p>\n<p>M\u00f3nica vende su casa a la familia que vive al lado de sus presuntos vecinos narcos.<\/p>\n<p>\u00abHay que ver que el Banco de C\u00f3rdoba apruebe la venta y juntarme con el dinero que me prestan\u00bb, dijo M\u00f3nica y record\u00f3: \u00abEstuve 28 a\u00f1os pagando mi casa, cuando me faltan dos para poder terminar de pagarla la tengo que vender y comenzar a pagar un nuevo cr\u00e9dito a 20 a\u00f1os y arriba de los 3000 pesos de cuota\u00bb.<\/p>\n<p>\u00abLa Justicia y el Gobierno se cantaron en mi familia y en m\u00ed\u00bb, concluy\u00f3 M\u00f3nica.<\/p>\n","protected":false},"excerpt":{"rendered":"<p>Se trata de M\u00f3nica Torres, la mujer que sufre los ataques y agresiones de un grupo de personas en barrio Yapey\u00fa de C\u00f3rdoba. \u00abCreo que es una derrota m\u00eda y de la sociedad\u00bb, manifest\u00f3. M\u00f3nica Torres en un intento desesperado de obtener respuesta a sus denuncias y protecci\u00f3n para ella y su familia, recurri\u00f3 a\u00a0los&hellip;<\/p>\n","protected":false},"author":1,"featured_media":0,"comment_status":"open","ping_status":"open","sticky":false,"template":"","format":"standard","meta":{"footnotes":""},"categories":[6],"tags":[15417,153,1187,15416,650,15415],"class_list":["post-32947","post","type-post","status-publish","format-standard","hentry","category-denuncias","tag-auxilio","tag-cordoba","tag-llamado","tag-monica-torres","tag-narcos","tag-yapeyu-denuncia"],"_links":{"self":[{"href":"https:\/\/www.elsindical.com.ar\/notas\/wp-json\/wp\/v2\/posts\/32947","targetHints":{"allow":["GET"]}}],"collection":[{"href":"https:\/\/www.elsindical.com.ar\/notas\/wp-json\/wp\/v2\/posts"}],"about":[{"href":"https:\/\/www.elsindical.com.ar\/notas\/wp-json\/wp\/v2\/types\/post"}],"author":[{"embeddable":true,"href":"https:\/\/www.elsindical.com.ar\/notas\/wp-json\/wp\/v2\/users\/1"}],"replies":[{"embeddable":true,"href":"https:\/\/www.elsindical.com.ar\/notas\/wp-json\/wp\/v2\/comments?post=32947"}],"version-history":[{"count":1,"href":"https:\/\/www.elsindical.com.ar\/notas\/wp-json\/wp\/v2\/posts\/32947\/revisions"}],"predecessor-version":[{"id":32949,"href":"https:\/\/www.elsindical.com.ar\/notas\/wp-json\/wp\/v2\/posts\/32947\/revisions\/32949"}],"wp:attachment":[{"href":"https:\/\/www.elsindical.com.ar\/notas\/wp-json\/wp\/v2\/media?parent=32947"}],"wp:term":[{"taxonomy":"category","embeddable":true,"href":"https:\/\/www.elsindical.com.ar\/notas\/wp-json\/wp\/v2\/categories?post=32947"},{"taxonomy":"post_tag","embeddable":true,"href":"https:\/\/www.elsindical.com.ar\/notas\/wp-json\/wp\/v2\/tags?post=32947"}],"curies":[{"name":"wp","href":"https:\/\/api.w.org\/{rel}","templated":true}]}}