{"id":32943,"date":"2013-02-23T00:22:18","date_gmt":"2013-02-23T03:22:18","guid":{"rendered":"http:\/\/www.elsindical.com.ar\/notas\/?p=32943"},"modified":"2013-02-23T00:22:18","modified_gmt":"2013-02-23T03:22:18","slug":"efemeridesdel-dia-23-de-febrero-2","status":"publish","type":"post","link":"https:\/\/www.elsindical.com.ar\/notas\/efemeridesdel-dia-23-de-febrero-2\/","title":{"rendered":"EFEM\u00c9RIDES:DEL D\u00cdA 23 DE FEBRERO"},"content":{"rendered":"<p style=\"text-align: justify;\"><a href=\"http:\/\/www.elsindical.com.ar\/notas\/var\/www\/html\/notas\/wp-content\/uploads\/2013\/02\/Tom\u00e1s-de-Berlanga.jpg\"><img loading=\"lazy\" decoding=\"async\" class=\"alignleft size-medium wp-image-32944\" alt=\"Tom\u00e1s-de-Berlanga\" src=\"http:\/\/www.elsindical.com.ar\/notas\/var\/www\/html\/notas\/wp-content\/uploads\/2013\/02\/Tom\u00e1s-de-Berlanga-300x224.jpg\" width=\"300\" height=\"224\" srcset=\"https:\/\/www.elsindical.com.ar\/notas\/var\/www\/html\/notas\/wp-content\/uploads\/2013\/02\/Tom\u00e1s-de-Berlanga-300x224.jpg 300w, https:\/\/www.elsindical.com.ar\/notas\/var\/www\/html\/notas\/wp-content\/uploads\/2013\/02\/Tom\u00e1s-de-Berlanga.jpg 325w\" sizes=\"auto, (max-width: 300px) 100vw, 300px\" \/><\/a>En un veintitr\u00e9s de febrero, pero de 1997, cient\u00edficos brit\u00e1nicos del Roslin Institute de Edimburgo anuncian que han conseguido, por primera vez en la historia, una oveja cl\u00f3nica, bautizada como \u00abDolly\u00bb, a partir de una c\u00e9lula tomada de la ubre de una oveja adulta.<\/p>\n<p style=\"text-align: justify;\">1535- Tom\u00e1s de Berlanga, obispo de Castilla del Oro, descubre las islas Gal\u00e1pagos.<\/p>\n<p style=\"text-align: justify;\">1685- Nace Georg Friedrich Handel, compositor alem\u00e1n.<\/p>\n<p style=\"text-align: justify;\">1765- El qu\u00edmico y f\u00edsico ingl\u00e9s Henry Cavendish descubre el hidr\u00f3geno.<\/p>\n<p style=\"text-align: justify;\">1795- Nace Antonio Jos\u00e9 de Sucre, h\u00e9roe de la independencia hispanoamericana, venezolano.<\/p>\n<p style=\"text-align: justify;\">1821- Muere John Keats, poeta ingl\u00e9s.<\/p>\n<p style=\"text-align: justify;\">1847- En su lucha por la posesi\u00f3n de Texas, Estados Unidos vence a M\u00e9xico en la batalla de Buena Vista.<\/p>\n<p style=\"text-align: justify;\">1882- El Banco Nacional Mexicano comienza sus operaciones.<\/p>\n<p style=\"text-align: justify;\">1901- El vapor ingl\u00e9s \u00abCity of R\u00edo de Janeiro\u00bb se hunde en la entrada del puerto de San Francisco y mueren 130 personas.<\/p>\n<p style=\"text-align: justify;\">1903- El presidente norteamericano Theodore Roosevelt firma el convenio de arrendamiento de las bases cubanas de Guant\u00e1namo y Bah\u00eda Honda.<\/p>\n<p style=\"text-align: justify;\">1904- Jap\u00f3n impone a Corea un tratado por el que este pa\u00eds se convierte en protectorado del primero.<\/p>\n<p style=\"text-align: justify;\">1912- Comienza la guerra entre Italia y Turqu\u00eda, con el bombardeo de Beirut por los italianos.<\/p>\n<p style=\"text-align: justify;\">1914- El Consejo de Konigsberg acuerda que los restos del fil\u00f3sofo Kant sean enterrados en un mausoleo de la catedral de esta ciudad.<\/p>\n<p style=\"text-align: justify;\">1915- Primera Guerra Mundial: Tropas brit\u00e1nicas ocupan la zona alemana del \u00c1frica Sudoccidental.<\/p>\n<p style=\"text-align: justify;\">1918- Fundaci\u00f3n del Ej\u00e9rcito Rojo sovi\u00e9tico.<\/p>\n<p style=\"text-align: justify;\">1920- En la primera transmisi\u00f3n por radio en Inglaterra se ofrece un concierto emitido desde Chelmsford.<\/p>\n<p style=\"text-align: justify;\">1930- Un movimiento revolucionario dirigido por el general Rafael Trujillo se produce en Santiago (Rep\u00fablica Dominicana).<\/p>\n<p style=\"text-align: justify;\">1934- Fallece Edward Elgar, compositor brit\u00e1nico.<\/p>\n<p style=\"text-align: justify;\">1940- Nace Peter Fonda, actor norteamericano.<\/p>\n<p style=\"text-align: justify;\">1952- El Consejo de la OTAN aprueba un plan de rearme.<\/p>\n<p style=\"text-align: justify;\">1955- Muere Paul Claudel, poeta y dramaturgo franc\u00e9s.<\/p>\n<p style=\"text-align: justify;\">1960- Nace Naruhito, pr\u00edncipe heredero de Jap\u00f3n.<\/p>\n<p style=\"text-align: justify;\">1962- Delegados de doce pa\u00edses europeos acuerdan en Par\u00eds crear la Organizaci\u00f3n Europea para la Exploraci\u00f3n Espacial (ESRO).<\/p>\n<p style=\"text-align: justify;\">1965- Fallece Stan Laurel, \u00abEl Flaco\u00bb, actor c\u00f3mico estadounidense.<\/p>\n<p style=\"text-align: justify;\">1981- Intento de golpe de Estado en Espa\u00f1a: 200 guardias civiles, al mando del teniente coronel Antonio Tejero Molina, irrumpen en el Congreso de los Diputados durante la votaci\u00f3n de investidura de Leopoldo Calvo-Sotelo como presidente del Gobierno y mantienen secuestrados a los diputados m\u00e1s de 20 horas.<\/p>\n<p style=\"text-align: justify;\">1982- En un refer\u00e9ndum consultivo, Groenlandia, que se hab\u00eda convertido en miembro de la Comunidad Europea como parte de Dinamarca, opta por retirarse de la misma.<\/p>\n<p style=\"text-align: justify;\">1984- Brunei proclama su independencia de la Corona brit\u00e1nica.<\/p>\n<p style=\"text-align: justify;\">1986- Muere Justo Arosemena, escritor y pol\u00edtico paname\u00f1o.<\/p>\n<p style=\"text-align: justify;\">1987- Fallece Jos\u00e9 Afonso, cantante portugu\u00e9s.<\/p>\n<p style=\"text-align: justify;\">1989- Aprobada en Argelia, por amplia mayor\u00eda, la nueva Constituci\u00f3n que da paso al pluripartidismo.<\/p>\n<p style=\"text-align: justify;\">1990- Las fuerzas armadas tailandesas arrestan al primer ministro, Chatichai Choonhaven, y derogan la Constituci\u00f3n.<\/p>\n<p style=\"text-align: justify;\">&#8211; Muere Jos\u00e9 Napole\u00f3n Duarte, ex presidente de El Salvador.<\/p>\n<p style=\"text-align: justify;\">1994- La Duma rusa concede amnist\u00eda a los golpistas de 1991 y a los participantes en la revuelta de octubre de 1993.<\/p>\n<p style=\"text-align: justify;\">&#8211; Los pa\u00edses de la OEA firman la declaraci\u00f3n de Cartagena de Indias, en la que se insta a educar a los pueblos para la democracia.<\/p>\n<p style=\"text-align: justify;\">2004- La escritora colombiana Laura Restrepo gana el Premio Alfaguara de Novela.<\/p>\n<p style=\"text-align: justify;\">2008- Fallece Janez Drnovsek, ex presidente esloveno.<\/p>\n","protected":false},"excerpt":{"rendered":"<p>En un veintitr\u00e9s de febrero, pero de 1997, cient\u00edficos brit\u00e1nicos del Roslin Institute de Edimburgo anuncian que han conseguido, por primera vez en la historia, una oveja cl\u00f3nica, bautizada como \u00abDolly\u00bb, a partir de una c\u00e9lula tomada de la ubre de una oveja adulta. 1535- Tom\u00e1s de Berlanga, obispo de Castilla del Oro, descubre las&hellip;<\/p>\n","protected":false},"author":1,"featured_media":0,"comment_status":"open","ping_status":"open","sticky":false,"template":"","format":"standard","meta":{"footnotes":""},"categories":[14],"tags":[],"class_list":["post-32943","post","type-post","status-publish","format-standard","hentry","category-efemerides"],"_links":{"self":[{"href":"https:\/\/www.elsindical.com.ar\/notas\/wp-json\/wp\/v2\/posts\/32943","targetHints":{"allow":["GET"]}}],"collection":[{"href":"https:\/\/www.elsindical.com.ar\/notas\/wp-json\/wp\/v2\/posts"}],"about":[{"href":"https:\/\/www.elsindical.com.ar\/notas\/wp-json\/wp\/v2\/types\/post"}],"author":[{"embeddable":true,"href":"https:\/\/www.elsindical.com.ar\/notas\/wp-json\/wp\/v2\/users\/1"}],"replies":[{"embeddable":true,"href":"https:\/\/www.elsindical.com.ar\/notas\/wp-json\/wp\/v2\/comments?post=32943"}],"version-history":[{"count":2,"href":"https:\/\/www.elsindical.com.ar\/notas\/wp-json\/wp\/v2\/posts\/32943\/revisions"}],"predecessor-version":[{"id":32946,"href":"https:\/\/www.elsindical.com.ar\/notas\/wp-json\/wp\/v2\/posts\/32943\/revisions\/32946"}],"wp:attachment":[{"href":"https:\/\/www.elsindical.com.ar\/notas\/wp-json\/wp\/v2\/media?parent=32943"}],"wp:term":[{"taxonomy":"category","embeddable":true,"href":"https:\/\/www.elsindical.com.ar\/notas\/wp-json\/wp\/v2\/categories?post=32943"},{"taxonomy":"post_tag","embeddable":true,"href":"https:\/\/www.elsindical.com.ar\/notas\/wp-json\/wp\/v2\/tags?post=32943"}],"curies":[{"name":"wp","href":"https:\/\/api.w.org\/{rel}","templated":true}]}}