{"id":32736,"date":"2013-02-16T12:27:40","date_gmt":"2013-02-16T15:27:40","guid":{"rendered":"http:\/\/www.elsindical.com.ar\/notas\/?p=32736"},"modified":"2013-02-16T12:27:40","modified_gmt":"2013-02-16T15:27:40","slug":"sin-acuerdo-con-los-gremios-nacion-fijo-una-suba-salarial-del-22","status":"publish","type":"post","link":"https:\/\/www.elsindical.com.ar\/notas\/sin-acuerdo-con-los-gremios-nacion-fijo-una-suba-salarial-del-22\/","title":{"rendered":"Sin acuerdo con los gremios, Naci\u00f3n fij\u00f3 una suba salarial del 22%"},"content":{"rendered":"<p style=\"text-align: justify;\"><em><a href=\"http:\/\/www.elsindical.com.ar\/notas\/var\/www\/html\/notas\/wp-content\/uploads\/2013\/02\/paritarias-docente-Naci\u00f3n.jpg\"><img loading=\"lazy\" decoding=\"async\" class=\"alignleft size-medium wp-image-32737\" alt=\"paritarias-docente-Naci\u00f3n\" src=\"http:\/\/www.elsindical.com.ar\/notas\/var\/www\/html\/notas\/wp-content\/uploads\/2013\/02\/paritarias-docente-Naci\u00f3n-300x179.jpg\" width=\"300\" height=\"179\" srcset=\"https:\/\/www.elsindical.com.ar\/notas\/var\/www\/html\/notas\/wp-content\/uploads\/2013\/02\/paritarias-docente-Naci\u00f3n-300x179.jpg 300w, https:\/\/www.elsindical.com.ar\/notas\/var\/www\/html\/notas\/wp-content\/uploads\/2013\/02\/paritarias-docente-Naci\u00f3n-500x300.jpg 500w, https:\/\/www.elsindical.com.ar\/notas\/var\/www\/html\/notas\/wp-content\/uploads\/2013\/02\/paritarias-docente-Naci\u00f3n.jpg 502w\" sizes=\"auto, (max-width: 300px) 100vw, 300px\" \/><\/a>Finalmente, la paritaria nacional docente concluy\u00f3 sin acuerdo entre el Gobierno y los sindicatos por lo que Naci\u00f3n determin\u00f3 de manera unilateral establecer un aumento salarial del 22 por ciento en tres tramos. El salario inicial de un maestro ser\u00e1 de 3.416 pesos.<\/em><\/p>\n<p style=\"text-align: justify;\">El Gobierno nacional fij\u00f3 anoche el piso salarial para los docentes, con lo cual se dio por finalizada la negociaci\u00f3n paritaria con un aumento del 22 por ciento en tres tramos.<\/p>\n<p>Al t\u00e9rmino de la negociaci\u00f3n, fuentes del Ministerio de Educaci\u00f3n explicaron que a partir de marzo comenzar\u00e1n los tres aumentos que en febrero del a\u00f1o que viene sumar\u00e1n un 22 por ciento, estableciendo de esta manera el piso salarial para un docente de jornada simple sin antig\u00fcedad -un 7 por ciento de los docentes- en 3.416 pesos.<\/p>\n<p>Las fuentes que participaron de la reuni\u00f3n afirmaron que la Naci\u00f3n se comprometi\u00f3, a trav\u00e9s del fondo de compensaci\u00f3n salarial docente, a llevar este piso en aquellas provincias argentinas que no cuenten con los recursos necesarios para cumplir con esta pauta.<\/p>\n<p>Por otro lado, las representaciones sindicales que participaban de la paritaria (Cetera, Amet, Uda, Sadop y Cea) se mostraron disconformes con la falta de un acuerdo que cumpliera con sus exigencias.<\/p>\n<p>En este sentido, el secretario general de SADOP, Mario Almir\u00f3n, lament\u00f3 que el Gobierno haya tomado esta decisi\u00f3n de cerrar en forma unilateral la paritaria y consider\u00f3 que se trat\u00f3 de una \u00abmuestra de insensibilidad con trabajadores que cobran 2.800 cada uno\u00bb.<\/p>\n<p>\u00abNosotros rechazamos la propuesta, pero el Gobierno dio por cerrada formalmente la negociaci\u00f3n. Nosotros presentamos una exhortaci\u00f3n a continuar con la negociaci\u00f3n, pero la realidad es que el Gobierno no tiene la decisi\u00f3n de modificar esa oferta\u00bb, sostuvo Almir\u00f3n.<\/p>\n","protected":false},"excerpt":{"rendered":"<p>Finalmente, la paritaria nacional docente concluy\u00f3 sin acuerdo entre el Gobierno y los sindicatos por lo que Naci\u00f3n determin\u00f3 de manera unilateral establecer un aumento salarial del 22 por ciento en tres tramos. El salario inicial de un maestro ser\u00e1 de 3.416 pesos. El Gobierno nacional fij\u00f3 anoche el piso salarial para los docentes, con&hellip;<\/p>\n","protected":false},"author":1,"featured_media":0,"comment_status":"open","ping_status":"open","sticky":false,"template":"","format":"standard","meta":{"footnotes":""},"categories":[16],"tags":[4323,6060,15310,761,642,778,2720],"class_list":["post-32736","post","type-post","status-publish","format-standard","hentry","category-gremiales","tag-amet","tag-cea","tag-cetera","tag-gobierno-nacional","tag-ministerio-de-educacion","tag-sadop","tag-uda"],"_links":{"self":[{"href":"https:\/\/www.elsindical.com.ar\/notas\/wp-json\/wp\/v2\/posts\/32736","targetHints":{"allow":["GET"]}}],"collection":[{"href":"https:\/\/www.elsindical.com.ar\/notas\/wp-json\/wp\/v2\/posts"}],"about":[{"href":"https:\/\/www.elsindical.com.ar\/notas\/wp-json\/wp\/v2\/types\/post"}],"author":[{"embeddable":true,"href":"https:\/\/www.elsindical.com.ar\/notas\/wp-json\/wp\/v2\/users\/1"}],"replies":[{"embeddable":true,"href":"https:\/\/www.elsindical.com.ar\/notas\/wp-json\/wp\/v2\/comments?post=32736"}],"version-history":[{"count":1,"href":"https:\/\/www.elsindical.com.ar\/notas\/wp-json\/wp\/v2\/posts\/32736\/revisions"}],"predecessor-version":[{"id":32738,"href":"https:\/\/www.elsindical.com.ar\/notas\/wp-json\/wp\/v2\/posts\/32736\/revisions\/32738"}],"wp:attachment":[{"href":"https:\/\/www.elsindical.com.ar\/notas\/wp-json\/wp\/v2\/media?parent=32736"}],"wp:term":[{"taxonomy":"category","embeddable":true,"href":"https:\/\/www.elsindical.com.ar\/notas\/wp-json\/wp\/v2\/categories?post=32736"},{"taxonomy":"post_tag","embeddable":true,"href":"https:\/\/www.elsindical.com.ar\/notas\/wp-json\/wp\/v2\/tags?post=32736"}],"curies":[{"name":"wp","href":"https:\/\/api.w.org\/{rel}","templated":true}]}}