{"id":32628,"date":"2013-02-12T15:49:49","date_gmt":"2013-02-12T18:49:49","guid":{"rendered":"http:\/\/www.elsindical.com.ar\/notas\/?p=32628"},"modified":"2013-02-12T15:49:49","modified_gmt":"2013-02-12T18:49:49","slug":"portugaluna-joven-contra-el-lujo-de-los-socialistas","status":"publish","type":"post","link":"https:\/\/www.elsindical.com.ar\/notas\/portugaluna-joven-contra-el-lujo-de-los-socialistas\/","title":{"rendered":"Portugal:Una joven contra el lujo de los socialistas"},"content":{"rendered":"<p style=\"text-align: justify;\"><em><a href=\"http:\/\/www.elsindical.com.ar\/notas\/var\/www\/html\/notas\/wp-content\/uploads\/2013\/02\/Beatriz-Taleg\u00f3n.jpg\"><img loading=\"lazy\" decoding=\"async\" class=\"alignleft size-medium wp-image-32629\" alt=\"Beatriz-Taleg\u00f3n\" src=\"http:\/\/www.elsindical.com.ar\/notas\/var\/www\/html\/notas\/wp-content\/uploads\/2013\/02\/Beatriz-Taleg\u00f3n-300x191.jpg\" width=\"300\" height=\"191\" srcset=\"https:\/\/www.elsindical.com.ar\/notas\/var\/www\/html\/notas\/wp-content\/uploads\/2013\/02\/Beatriz-Taleg\u00f3n-300x191.jpg 300w, https:\/\/www.elsindical.com.ar\/notas\/var\/www\/html\/notas\/wp-content\/uploads\/2013\/02\/Beatriz-Taleg\u00f3n.jpg 443w\" sizes=\"auto, (max-width: 300px) 100vw, 300px\" \/><\/a>Los defenestr\u00f3 en la Internacional Socialista.<\/em><\/p>\n<p style=\"text-align: justify;\">Una joven espa\u00f1ola puso en aprietos a los <strong>l\u00edderes de la Internacional Socialista<\/strong> (IS) durante un consejo que se desarrollaba en un <strong>lujoso hotel de Cascais<\/strong>, en Portugal, al criticar sus reuniones cinco estrella y sus autom\u00f3viles de lujo.<\/p>\n<p style=\"text-align: justify;\">Se trata nada menos que de la secretaria general de la Uni\u00f3n Internacional de Juventudes Socialistas, <strong>Beatriz Taleg\u00f3n<\/strong>, quien habl\u00f3 en el Consejo de la IS ante los delegados de un centenar de partidos de todo el mundo.<\/p>\n<p style=\"text-align: justify;\">En su improvisado discurso ante los dirigentes de la organizaci\u00f3n, que encabezaba su presidente, el ex primer ministro griego Yorgos Papandreu, Taleg\u00f3n afirm\u00f3: \u00abOs exigimos de una vez por todas que la Internacional tenga sentido, <strong>no hag\u00e1is que los j\u00f3venes nos avergoncemos<\/strong>\u00ab.<\/p>\n<p style=\"text-align: justify;\">La dirigente de las juventudes socialistas espa\u00f1olas tambi\u00e9n pidi\u00f3 que<strong> las cuentas de la IS <\/strong>no sean un \u00abmisterio, como el de las pir\u00e1mides\u00bb, abog\u00f3 por una escuela de nuevos pol\u00edticos para el futuro y censur\u00f3 que reuniones como est\u00e1 se celebren \u00aben hoteles de cinco estrellas\u00bb y los delegados lleguen \u00aben coches de lujo\u00bb, inform\u00f3 el diario espa\u00f1ol <em>El Pa\u00eds<\/em>.<\/p>\n<p style=\"text-align: justify;\">\u00abNo estamos solo para trabajar de staff como los j\u00f3venes de Portugal en esta reuni\u00f3n\u00bb, se quej\u00f3 Taleg\u00f3n, al denunciar que los dirigentes de la IS quieren a los militantes j\u00f3venes \u00abpara aplaudir y llenar los espacios con caras bonitas\u00bb.<\/p>\n<p style=\"text-align: justify;\">\u00abEstamos aqu\u00ed comprometidos con vosotros, los<strong> mal llamados l\u00edderes<\/strong>, porque sois los responsables de lo que est\u00e1 pasando (&#8230;) Estamos pagando las consecuencias de vuestra falta de acci\u00f3n o de vuestra acci\u00f3n\u00bb, proclam\u00f3. Y los critic\u00f3 por asistir a la conferencia como \u00abestrellas medi\u00e1ticas\u00bb.<\/p>\n<p><iframe loading=\"lazy\" src=\"http:\/\/www.youtube.com\/embed\/mZPTNVG1j-Y\" height=\"315\" width=\"420\" allowfullscreen=\"\" frameborder=\"0\"><\/iframe><\/p>\n","protected":false},"excerpt":{"rendered":"<p>Los defenestr\u00f3 en la Internacional Socialista. Una joven espa\u00f1ola puso en aprietos a los l\u00edderes de la Internacional Socialista (IS) durante un consejo que se desarrollaba en un lujoso hotel de Cascais, en Portugal, al criticar sus reuniones cinco estrella y sus autom\u00f3viles de lujo. Se trata nada menos que de la secretaria general de&hellip;<\/p>\n","protected":false},"author":1,"featured_media":0,"comment_status":"open","ping_status":"open","sticky":false,"template":"","format":"standard","meta":{"footnotes":""},"categories":[18],"tags":[15247,15249,10636,9495,15248],"class_list":["post-32628","post","type-post","status-publish","format-standard","hentry","category-internacionales","tag-beatriz-talegon","tag-hotel-de-cascais","tag-portugal","tag-socialismo","tag-yorgos-papandreu"],"_links":{"self":[{"href":"https:\/\/www.elsindical.com.ar\/notas\/wp-json\/wp\/v2\/posts\/32628","targetHints":{"allow":["GET"]}}],"collection":[{"href":"https:\/\/www.elsindical.com.ar\/notas\/wp-json\/wp\/v2\/posts"}],"about":[{"href":"https:\/\/www.elsindical.com.ar\/notas\/wp-json\/wp\/v2\/types\/post"}],"author":[{"embeddable":true,"href":"https:\/\/www.elsindical.com.ar\/notas\/wp-json\/wp\/v2\/users\/1"}],"replies":[{"embeddable":true,"href":"https:\/\/www.elsindical.com.ar\/notas\/wp-json\/wp\/v2\/comments?post=32628"}],"version-history":[{"count":2,"href":"https:\/\/www.elsindical.com.ar\/notas\/wp-json\/wp\/v2\/posts\/32628\/revisions"}],"predecessor-version":[{"id":32631,"href":"https:\/\/www.elsindical.com.ar\/notas\/wp-json\/wp\/v2\/posts\/32628\/revisions\/32631"}],"wp:attachment":[{"href":"https:\/\/www.elsindical.com.ar\/notas\/wp-json\/wp\/v2\/media?parent=32628"}],"wp:term":[{"taxonomy":"category","embeddable":true,"href":"https:\/\/www.elsindical.com.ar\/notas\/wp-json\/wp\/v2\/categories?post=32628"},{"taxonomy":"post_tag","embeddable":true,"href":"https:\/\/www.elsindical.com.ar\/notas\/wp-json\/wp\/v2\/tags?post=32628"}],"curies":[{"name":"wp","href":"https:\/\/api.w.org\/{rel}","templated":true}]}}