{"id":32612,"date":"2013-02-11T15:32:11","date_gmt":"2013-02-11T18:32:11","guid":{"rendered":"http:\/\/www.elsindical.com.ar\/notas\/?p=32612"},"modified":"2013-02-11T15:32:11","modified_gmt":"2013-02-11T18:32:11","slug":"villa-luganoagente-de-la-metropolitana-evita-ser-asaltado-a-los-tiros","status":"publish","type":"post","link":"https:\/\/www.elsindical.com.ar\/notas\/villa-luganoagente-de-la-metropolitana-evita-ser-asaltado-a-los-tiros\/","title":{"rendered":"Villa Lugano:Agente de La Metropolitana evita ser asaltado a los tiros"},"content":{"rendered":"<p style=\"text-align: justify;\"><em><a href=\"http:\/\/www.elsindical.com.ar\/notas\/var\/www\/html\/notas\/wp-content\/uploads\/2013\/02\/lugar-tiroteo-Villa-Lugano.jpg\"><img loading=\"lazy\" decoding=\"async\" class=\"alignleft size-medium wp-image-32613\" alt=\"lugar-tiroteo-Villa-Lugano\" src=\"http:\/\/www.elsindical.com.ar\/notas\/var\/www\/html\/notas\/wp-content\/uploads\/2013\/02\/lugar-tiroteo-Villa-Lugano-300x193.jpg\" width=\"300\" height=\"193\" srcset=\"https:\/\/www.elsindical.com.ar\/notas\/var\/www\/html\/notas\/wp-content\/uploads\/2013\/02\/lugar-tiroteo-Villa-Lugano-300x193.jpg 300w, https:\/\/www.elsindical.com.ar\/notas\/var\/www\/html\/notas\/wp-content\/uploads\/2013\/02\/lugar-tiroteo-Villa-Lugano-464x300.jpg 464w, https:\/\/www.elsindical.com.ar\/notas\/var\/www\/html\/notas\/wp-content\/uploads\/2013\/02\/lugar-tiroteo-Villa-Lugano.jpg 502w\" sizes=\"auto, (max-width: 300px) 100vw, 300px\" \/><\/a>Un delincuente fue herido de gravedad de un balazo en el abdomen y otro logr\u00f3 escapar, tras enfrentarse a los tiros con un agente de la Polic\u00eda Metropolitana al que asaltaron junto a su novia en el barrio porte\u00f1o de Villa Lugano.<\/em><\/p>\n<p style=\"text-align: justify;\">Fuentes policiales informaron que tanto el efectivo policial como su pareja salieron ilesos de la balacera, mientras que el segundo ladr\u00f3n tambi\u00e9n habr\u00eda sido baleado,aunque logr\u00f3 fugar de la zona.<\/p>\n<p>El hecho ocurri\u00f3 en horas de la madrugada en la avenida Escalada, a escasos metros del cruce con la calle Cris\u00f3stomo Alvarez, cuando el polic\u00eda se encontraba adentro de su coche charlando con su novia antes de dejarla en su casa. En ese momento, aparecieron en escena dos hombres armados con fines de robo, que se colocaron uno a cada lado del veh\u00edculo del agente y les mostraron sus armas de fuego a las v\u00edctimas.<\/p>\n<p>Al ser amedrentado por los maleantes, el polic\u00eda se identific\u00f3 y dio la voz de alto hacia los ladrones, pero los sujetos respondieron a los tiros y se origin\u00f3 un enfrentamiento armado que culmin\u00f3 cuando uno de los asaltantes cay\u00f3 gravemente herido de un balazo en la zona abdominal. Como pudo y sin llegar a robar, el sujeto baleado se recompuso y comenz\u00f3 a correr junto a su c\u00f3mplice para escapar, pero a los 100 metros se desvaneci\u00f3 y cay\u00f3 al piso, tras lo cual fue apresado por agentes de la Polic\u00eda Federal que acudieron al lugar tras el llamado al 911 por parte de los vecinos que advirtieron el tiroteo.<\/p>\n<p>En tanto, el maleante que acompa\u00f1aba al herido logr\u00f3 fugar corriendo, aunque tambi\u00e9n habr\u00eda sido alcanzado por una de las balas, ya que dej\u00f3 un rastro de sangre en su fuga. Los voceros del caso indicaron que el arrestado, que fue trasladado al hospital Santojanni, donde qued\u00f3 internado con custodia policial, tiene 30 a\u00f1os y antecedentes penales por robo.<\/p>\n<p>Seg\u00fan se indic\u00f3, el agente y su novia fueron atendidos por los m\u00e9dicos de una ambulancia del SAME pero se encontraban en buen estado de salud ya que salieron ilesos del tiroteo y s\u00f3lo sufrieron el shock emocional por el enfrentamiento armado.<\/p>\n","protected":false},"excerpt":{"rendered":"<p>Un delincuente fue herido de gravedad de un balazo en el abdomen y otro logr\u00f3 escapar, tras enfrentarse a los tiros con un agente de la Polic\u00eda Metropolitana al que asaltaron junto a su novia en el barrio porte\u00f1o de Villa Lugano. Fuentes policiales informaron que tanto el efectivo policial como su pareja salieron ilesos&hellip;<\/p>\n","protected":false},"author":1,"featured_media":0,"comment_status":"open","ping_status":"open","sticky":false,"template":"","format":"standard","meta":{"footnotes":""},"categories":[22],"tags":[614,15236,196,964,238,1178],"class_list":["post-32612","post","type-post","status-publish","format-standard","hentry","category-policiales","tag-614","tag-balacera","tag-delincuente","tag-policia-metropolitana","tag-tiroteo","tag-villa-lugano"],"_links":{"self":[{"href":"https:\/\/www.elsindical.com.ar\/notas\/wp-json\/wp\/v2\/posts\/32612","targetHints":{"allow":["GET"]}}],"collection":[{"href":"https:\/\/www.elsindical.com.ar\/notas\/wp-json\/wp\/v2\/posts"}],"about":[{"href":"https:\/\/www.elsindical.com.ar\/notas\/wp-json\/wp\/v2\/types\/post"}],"author":[{"embeddable":true,"href":"https:\/\/www.elsindical.com.ar\/notas\/wp-json\/wp\/v2\/users\/1"}],"replies":[{"embeddable":true,"href":"https:\/\/www.elsindical.com.ar\/notas\/wp-json\/wp\/v2\/comments?post=32612"}],"version-history":[{"count":1,"href":"https:\/\/www.elsindical.com.ar\/notas\/wp-json\/wp\/v2\/posts\/32612\/revisions"}],"predecessor-version":[{"id":32614,"href":"https:\/\/www.elsindical.com.ar\/notas\/wp-json\/wp\/v2\/posts\/32612\/revisions\/32614"}],"wp:attachment":[{"href":"https:\/\/www.elsindical.com.ar\/notas\/wp-json\/wp\/v2\/media?parent=32612"}],"wp:term":[{"taxonomy":"category","embeddable":true,"href":"https:\/\/www.elsindical.com.ar\/notas\/wp-json\/wp\/v2\/categories?post=32612"},{"taxonomy":"post_tag","embeddable":true,"href":"https:\/\/www.elsindical.com.ar\/notas\/wp-json\/wp\/v2\/tags?post=32612"}],"curies":[{"name":"wp","href":"https:\/\/api.w.org\/{rel}","templated":true}]}}