{"id":32609,"date":"2013-02-11T10:16:06","date_gmt":"2013-02-11T13:16:06","guid":{"rendered":"http:\/\/www.elsindical.com.ar\/notas\/?p=32609"},"modified":"2013-02-11T10:16:06","modified_gmt":"2013-02-11T13:16:06","slug":"neuquenasesinan-a-dos-jovenes-y-se-generan-incidentes","status":"publish","type":"post","link":"https:\/\/www.elsindical.com.ar\/notas\/neuquenasesinan-a-dos-jovenes-y-se-generan-incidentes\/","title":{"rendered":"Neuqu\u00e9n:Asesinan a dos j\u00f3venes y se generan incidentes"},"content":{"rendered":"<div id=\"bajada\" style=\"text-align: justify;\">\n<p><em><a href=\"http:\/\/www.elsindical.com.ar\/notas\/var\/www\/html\/notas\/wp-content\/uploads\/2013\/02\/asesinato-barrio-Cuenca.jpg\"><img loading=\"lazy\" decoding=\"async\" class=\"alignleft size-medium wp-image-32610\" alt=\"asesinato-barrio-Cuenca\" src=\"http:\/\/www.elsindical.com.ar\/notas\/var\/www\/html\/notas\/wp-content\/uploads\/2013\/02\/asesinato-barrio-Cuenca-300x206.jpg\" width=\"300\" height=\"206\" srcset=\"https:\/\/www.elsindical.com.ar\/notas\/var\/www\/html\/notas\/wp-content\/uploads\/2013\/02\/asesinato-barrio-Cuenca-300x206.jpg 300w, https:\/\/www.elsindical.com.ar\/notas\/var\/www\/html\/notas\/wp-content\/uploads\/2013\/02\/asesinato-barrio-Cuenca-435x300.jpg 435w, https:\/\/www.elsindical.com.ar\/notas\/var\/www\/html\/notas\/wp-content\/uploads\/2013\/02\/asesinato-barrio-Cuenca.jpg 502w\" sizes=\"auto, (max-width: 300px) 100vw, 300px\" \/><\/a>Fue en el barrio Cuenca XV de la capital de esa provincia donde ultimaron a dos sujetos de 17 y 23 a\u00f1os. Tras el hecho, amigos y familiares apedrearon m\u00f3viles policiales y prendieron fuego la vivienda de uno de los sospechosos del crimen.<\/em><\/p>\n<\/div>\n<div id=\"texto\" style=\"text-align: justify;\">\n<p>Personal policial de la Comisar\u00eda 18\u00ba y del \u00e1rea de Delitos de la Polic\u00eda de Neuqu\u00e9n investiga el homicidio de dos j\u00f3venes ocurrido este domingo a la madrugada en el barrio Cuenca XV.<\/p>\n<p>El lamentable episodio tuvo lugar cerca de las 3 de la ma\u00f1ana en la manzana 1, frente al lote 5 y despert\u00f3 la furia de familiares y vecinos, que tras apedrear al personal policial se dirigieron al domicilio de uno de los presuntos autores del hecho y all\u00ed\u00a0 incendiaron la vivienda y un veh\u00edculo.<\/p>\n<p>Las v\u00edctimas, dos j\u00f3venes de 23 y 17 a\u00f1os de edad, fueron ultimados a balazos en circunstancias que a\u00fan son materia de investigaci\u00f3n.<\/p>\n<p>Cuando el personal policial arrib\u00f3 al lugar,\u00a0 un grupo de personas se volc\u00f3 contra los efectivos, arrojando piedras y otros elementos contundentes, por lo cual hubo demoras hasta que los familiares finalmente autorizaron el trabajo a personal de criminal\u00edstica.<\/p>\n<p>Seg\u00fan los primeros datos aportados por el Coordinador Operativo de la Direcci\u00f3n Delitos, comisario inspector <b>Daniel Abarzua<\/b>, a unos 25 metros de los cuerpos que estaban tendidos en la v\u00eda p\u00fablica, se encontraron 12 vainas servidas de calibre 9 mm y cuando lograron levantar los cuerpos, hallaron 4 proyectiles.<\/p>\n<p>En el lugar se obtuvo el testimonio de dos personas que estaban con los j\u00f3venes asesinados y que declararon que fueron tres hombres los que comenzaron a disparar; dos de los cuales fueron identificados y un tercero del cual no pudieron brindar informaci\u00f3n. Los cuerpos fueron trasladados a la morgue para reliazarles la autopsia.<\/p>\n<p>Abarzua confirm\u00f3 que hay dos demorados, uno de los cuales es \u201cconocido\u201d en la zona y el otro un menor de edad.<\/p>\n<p>Personal policial contin\u00faa con la investigaci\u00f3n tendiente a determinar las circunstancias en las que se produjo el fatal episodio, por lo que se llevaran adelante los allanamientos correspondientes. En el hecho interviene el Juzgado de Instrucci\u00f3n N\u00ba 3, informa<i> lmneuquen.com.ar.<\/i><\/p>\n<\/div>\n","protected":false},"excerpt":{"rendered":"<p>Fue en el barrio Cuenca XV de la capital de esa provincia donde ultimaron a dos sujetos de 17 y 23 a\u00f1os. Tras el hecho, amigos y familiares apedrearon m\u00f3viles policiales y prendieron fuego la vivienda de uno de los sospechosos del crimen. Personal policial de la Comisar\u00eda 18\u00ba y del \u00e1rea de Delitos de&hellip;<\/p>\n","protected":false},"author":1,"featured_media":0,"comment_status":"open","ping_status":"open","sticky":false,"template":"","format":"standard","meta":{"footnotes":""},"categories":[22],"tags":[],"class_list":["post-32609","post","type-post","status-publish","format-standard","hentry","category-policiales"],"_links":{"self":[{"href":"https:\/\/www.elsindical.com.ar\/notas\/wp-json\/wp\/v2\/posts\/32609","targetHints":{"allow":["GET"]}}],"collection":[{"href":"https:\/\/www.elsindical.com.ar\/notas\/wp-json\/wp\/v2\/posts"}],"about":[{"href":"https:\/\/www.elsindical.com.ar\/notas\/wp-json\/wp\/v2\/types\/post"}],"author":[{"embeddable":true,"href":"https:\/\/www.elsindical.com.ar\/notas\/wp-json\/wp\/v2\/users\/1"}],"replies":[{"embeddable":true,"href":"https:\/\/www.elsindical.com.ar\/notas\/wp-json\/wp\/v2\/comments?post=32609"}],"version-history":[{"count":1,"href":"https:\/\/www.elsindical.com.ar\/notas\/wp-json\/wp\/v2\/posts\/32609\/revisions"}],"predecessor-version":[{"id":32611,"href":"https:\/\/www.elsindical.com.ar\/notas\/wp-json\/wp\/v2\/posts\/32609\/revisions\/32611"}],"wp:attachment":[{"href":"https:\/\/www.elsindical.com.ar\/notas\/wp-json\/wp\/v2\/media?parent=32609"}],"wp:term":[{"taxonomy":"category","embeddable":true,"href":"https:\/\/www.elsindical.com.ar\/notas\/wp-json\/wp\/v2\/categories?post=32609"},{"taxonomy":"post_tag","embeddable":true,"href":"https:\/\/www.elsindical.com.ar\/notas\/wp-json\/wp\/v2\/tags?post=32609"}],"curies":[{"name":"wp","href":"https:\/\/api.w.org\/{rel}","templated":true}]}}