{"id":32585,"date":"2013-02-10T12:27:42","date_gmt":"2013-02-10T15:27:42","guid":{"rendered":"http:\/\/www.elsindical.com.ar\/notas\/?p=32585"},"modified":"2013-02-10T12:27:42","modified_gmt":"2013-02-10T15:27:42","slug":"aerodelegados-informa-que-se-obtuvieron-mas-beneficios-a-madres","status":"publish","type":"post","link":"https:\/\/www.elsindical.com.ar\/notas\/aerodelegados-informa-que-se-obtuvieron-mas-beneficios-a-madres\/","title":{"rendered":"Aerodelegados informa que se obtuvieron m\u00e1s beneficios a madres"},"content":{"rendered":"<div id=\"id_5117b7b6a25ea9349878190\" style=\"text-align: justify;\"><a href=\"http:\/\/www.elsindical.com.ar\/notas\/var\/www\/html\/notas\/wp-content\/uploads\/2013\/02\/APA-bases.jpg\"><img loading=\"lazy\" decoding=\"async\" class=\"alignleft size-medium wp-image-32586\" alt=\"APA-bases\" src=\"http:\/\/www.elsindical.com.ar\/notas\/var\/www\/html\/notas\/wp-content\/uploads\/2013\/02\/APA-bases-300x133.jpg\" width=\"300\" height=\"133\" srcset=\"https:\/\/www.elsindical.com.ar\/notas\/var\/www\/html\/notas\/wp-content\/uploads\/2013\/02\/APA-bases-300x133.jpg 300w, https:\/\/www.elsindical.com.ar\/notas\/var\/www\/html\/notas\/wp-content\/uploads\/2013\/02\/APA-bases.jpg 325w\" sizes=\"auto, (max-width: 300px) 100vw, 300px\" \/><\/a>M\u00e1s abajo volvemos a publicar la carta que enviamos a APA por el horario especial de la delegada. Nuestra iniciativa dio sus primeros frutos, ya que han otorgado el beneficio a m\u00e1s madres, buena noticia! Pero sabemos que no alcanza, queremos los beneficios para todoxs!!!<\/div>\n<div style=\"text-align: justify;\"><\/div>\n<div style=\"text-align: justify;\">\u00a0\u00a0Aeroparque, Diciembre de 2012<\/div>\n<div style=\"text-align: justify;\">\u00a0 A: Sr. Edgardo Llano<\/div>\n<div style=\"text-align: justify;\">\u00a0 Secretario General por la\u00a0 Asociaci\u00f3n del Personal Aeron\u00e1utico De mi consideraci\u00f3n:<\/div>\n<div style=\"text-align: justify;\">Por la presente y en mi car\u00e1cter de trabajador en Aerol\u00edneas Argentinas en el\u00a0 sector de Tesorer\u00eda en el Aeroparque desde el a\u00f1o 1998, como ex delegado del Sector y como integrante de la Comisi\u00f3n Directiva de la CTA Capital, me dirijo a Ud. ante el grave comportamiento de la Delegada por el Turno B de Tr\u00e1fico Aeroparque, Sra. Mar\u00eda Jimena Gonz\u00e1lez ,quien acaba de acordar con la Jefatura de su sector, un horario que implica un beneficio casi sin precedentes para los trabajadores aeroportuarios, y lo ha hecho sin importarle el da\u00f1o que actitudes como esta generan a toda instituci\u00f3n gremial, ya que el beneficio personal obtenido representa un comportamiento que viola la \u00e9tica sindical seg\u00fan lo determina el Manual del Delegado en su cap\u00edtulo III, el Estatuto de nuestra asociaci\u00f3n sindical, y el sentido com\u00fan mismo en general.<\/div>\n<div style=\"text-align: justify;\">En efecto, trabajar 8 horas, de lunes a viernes con horario fijo de 14:00 22:00, teniendo la posibilidad de gozar de cada uno de los 18 feriados nacionales programados para el pr\u00f3ximo a\u00f1o, es adem\u00e1s de un anhelo para cualquier trabajador aeroportuario con horarios rotativos, una necesidad para decenas de compa\u00f1eras\/os que tienen grandes problemas para organizar su vida cotidiana, m\u00e1s a\u00fan en el caso de quienes somos padres o madres con hijos en edad escolar. Sin embargo, que ello sea posible s\u00f3lo para la Delegada del sector, es un claro acto de injusticia que no resulta indiferente a nadie, y por lo mismo, no puede quedar impune. Ante la presente situaci\u00f3n, solicito a Ud. en su car\u00e1cter de Secretario General por la APA, arbitre los medios necesarios para que la empresa otorgue el mismo beneficio a todas y todos los trabajadores que as\u00ed lo soliciten a fin de no recibir un trato discriminatorio, y llame la atenci\u00f3n a dicha Delegada,\u00a0 para que en lo sucesivo se abstenga de incurrir en actitudes que le permiten obtener\u00a0 beneficios personales en tanto siga detentando la representaci\u00f3n de sus compa\u00f1eros, ya que hechos como \u00e9stos erosionan la confianza y la credibilidad en el rol de los Delegados en general. A la espera de una pronta soluci\u00f3n, saluda a Ud. muy atte, Marcelo Goyeneche Afiliado A.P.A 3016<\/div>\n<div style=\"text-align: justify;\"><\/div>\n<div style=\"text-align: justify;\">Manual del Delegado: Cap\u00edtulo III Militancia, \u2026conciencia de servicio que convierte al delegado en un militante de los derechos de sus trabajadores. Sin c\u00e1lculo personal ni ego\u00edsmo esta funci\u00f3n jerarquiza su vida.<\/div>\n","protected":false},"excerpt":{"rendered":"<p>M\u00e1s abajo volvemos a publicar la carta que enviamos a APA por el horario especial de la delegada. Nuestra iniciativa dio sus primeros frutos, ya que han otorgado el beneficio a m\u00e1s madres, buena noticia! Pero sabemos que no alcanza, queremos los beneficios para todoxs!!! \u00a0\u00a0Aeroparque, Diciembre de 2012 \u00a0 A: Sr. Edgardo Llano \u00a0&hellip;<\/p>\n","protected":false},"author":1,"featured_media":0,"comment_status":"open","ping_status":"open","sticky":false,"template":"","format":"standard","meta":{"footnotes":""},"categories":[16],"tags":[15217,3051,5076,184,15218],"class_list":["post-32585","post","type-post","status-publish","format-standard","hentry","category-gremiales","tag-aerodelegados","tag-aerolineas-argentinas","tag-apa","tag-cta","tag-marcelo-goyeneche"],"_links":{"self":[{"href":"https:\/\/www.elsindical.com.ar\/notas\/wp-json\/wp\/v2\/posts\/32585","targetHints":{"allow":["GET"]}}],"collection":[{"href":"https:\/\/www.elsindical.com.ar\/notas\/wp-json\/wp\/v2\/posts"}],"about":[{"href":"https:\/\/www.elsindical.com.ar\/notas\/wp-json\/wp\/v2\/types\/post"}],"author":[{"embeddable":true,"href":"https:\/\/www.elsindical.com.ar\/notas\/wp-json\/wp\/v2\/users\/1"}],"replies":[{"embeddable":true,"href":"https:\/\/www.elsindical.com.ar\/notas\/wp-json\/wp\/v2\/comments?post=32585"}],"version-history":[{"count":1,"href":"https:\/\/www.elsindical.com.ar\/notas\/wp-json\/wp\/v2\/posts\/32585\/revisions"}],"predecessor-version":[{"id":32587,"href":"https:\/\/www.elsindical.com.ar\/notas\/wp-json\/wp\/v2\/posts\/32585\/revisions\/32587"}],"wp:attachment":[{"href":"https:\/\/www.elsindical.com.ar\/notas\/wp-json\/wp\/v2\/media?parent=32585"}],"wp:term":[{"taxonomy":"category","embeddable":true,"href":"https:\/\/www.elsindical.com.ar\/notas\/wp-json\/wp\/v2\/categories?post=32585"},{"taxonomy":"post_tag","embeddable":true,"href":"https:\/\/www.elsindical.com.ar\/notas\/wp-json\/wp\/v2\/tags?post=32585"}],"curies":[{"name":"wp","href":"https:\/\/api.w.org\/{rel}","templated":true}]}}