{"id":32485,"date":"2013-02-07T11:34:25","date_gmt":"2013-02-07T14:34:25","guid":{"rendered":"http:\/\/www.elsindical.com.ar\/notas\/?p=32485"},"modified":"2013-02-07T11:34:37","modified_gmt":"2013-02-07T14:34:37","slug":"polemica-por-una-publicidad-de-aerolineas-en-la-terminal-de-omnibus","status":"publish","type":"post","link":"https:\/\/www.elsindical.com.ar\/notas\/polemica-por-una-publicidad-de-aerolineas-en-la-terminal-de-omnibus\/","title":{"rendered":"Pol\u00e9mica por una publicidad de Aerol\u00edneas Argentina en la terminal de \u00f3mnibus"},"content":{"rendered":"<p style=\"text-align: justify;\"><em><a href=\"http:\/\/www.elsindical.com.ar\/notas\/var\/www\/html\/notas\/wp-content\/uploads\/2013\/02\/promoci\u00f3n-Aerol\u00edneas-terminal-de-micros.jpg\"><img loading=\"lazy\" decoding=\"async\" class=\"alignleft size-medium wp-image-32486\" alt=\"promoci\u00f3n-Aerol\u00edneas-terminal-de-micros\" src=\"http:\/\/www.elsindical.com.ar\/notas\/var\/www\/html\/notas\/wp-content\/uploads\/2013\/02\/promoci\u00f3n-Aerol\u00edneas-terminal-de-micros-300x194.jpg\" width=\"300\" height=\"194\" srcset=\"https:\/\/www.elsindical.com.ar\/notas\/var\/www\/html\/notas\/wp-content\/uploads\/2013\/02\/promoci\u00f3n-Aerol\u00edneas-terminal-de-micros-300x194.jpg 300w, https:\/\/www.elsindical.com.ar\/notas\/var\/www\/html\/notas\/wp-content\/uploads\/2013\/02\/promoci\u00f3n-Aerol\u00edneas-terminal-de-micros-461x300.jpg 461w, https:\/\/www.elsindical.com.ar\/notas\/var\/www\/html\/notas\/wp-content\/uploads\/2013\/02\/promoci\u00f3n-Aerol\u00edneas-terminal-de-micros.jpg 502w\" sizes=\"auto, (max-width: 300px) 100vw, 300px\" \/><\/a>Los carteles\u00a0fueron colocados\u00a0el\u00a0domingo por la noche\u00a0en lugares estrat\u00e9gicos de la terminal de micros, donde los pasajeros\u00a0ascienden o bien llegan a la terminal.\u00a0All\u00ed se promocionan pasajes <strong>m\u00e1s econ\u00f3micos<\/strong> que en \u00f3mnibus. El pasaje ida y vuelta en <strong>micro a Bariloche cuesta $2.290<\/strong> y en <strong>avi\u00f3n $1.500<\/strong>.<\/em><\/p>\n<p style=\"text-align: justify;\">La\u00a0publicidad gr\u00e1fica de Aerol\u00edneas Argentinas en la terminal de micros de Retiro desat\u00f3 en las \u00faltimas horas una gran pol\u00e9mica y el enojo de C\u00e1mara Empresaria de Transporte de Pasajeros de Larga Distancia (Celadi) que agrupa a 32 empresas, entre ellas Chevallier, Flecha Bus y Condor Estrella.<\/p>\n<p style=\"text-align: justify;\">La gr\u00e1fica de la compa\u00f1\u00eda a\u00e9rea reza:<strong> \u00abLleg\u00e1 volando. Viaj\u00e1 mejor. En cuotas, en pesos y con 26 bancos\u00bb<\/strong>. De esta manera, Aerol\u00edneas ofrece promociones mucho m\u00e1s econ\u00f3micas que en micro, a distintos puntos del pa\u00eds.<\/p>\n<p style=\"text-align: justify;\">La aparici\u00f3n de estos afiches, en lugares estrat\u00e9gicos de la terminal, gener\u00f3 un rotundo cambio de \u00e1nimos en los empresarios de transporte de pasajeros, quienes vienen \u201cacumulando bronca\u201d desde hace tiempo, seg\u00fan comentaron, por la m\u00ednima\u00a0 brecha que separa sus precios de los pasajes a\u00e9reos, todos regulados por el Ministerio del Interior y Transporte.<\/p>\n<p style=\"text-align: justify;\">Un pasaje ida y vuelta en avi\u00f3n a Bariloche, con un tiempo estimado de vuelo de 2:20 horas, cuesta 1.400 pesos m\u00e1s impuestos, lo que eleva el valor del ticket \u2013en clase econ\u00f3mica- a<strong> 1.681,29 pesos<\/strong>.<\/p>\n<p style=\"text-align: justify;\">El mismo trayecto pero en micro \u2013con 20 horas de viaje- puede llegar a costar <strong>2.290 pesos<\/strong> dependiendo del servicio que se elija.<\/p>\n<p style=\"text-align: justify;\">Comprobando las promociones ofrecidas por la empresa recuperada por el Estado, en las bases se aclara que las tarifas ida y vuelta son para una \u201cestad\u00eda m\u00ednima de 3 d\u00edas\u201d y una \u201cm\u00e1xima de 14\u201d,\u00a0 y \u201cno incluyen fee de emisi\u00f3n de $65 (sujeto a variaciones del tipo de cambio oficial)\u201d. Adem\u00e1s, \u00ablas tarifas ida y vuelta deber\u00e1n adquirirse con una anticipaci\u00f3n mayor a 30 d\u00edas de igual fecha\u201d.<\/p>\n<p style=\"text-align: justify;\">Otros ejemplos que demuestran que viajar en avi\u00f3n conviene son: <strong>Mar del Plata (avi\u00f3n, $799, micro $542), C\u00f3rdoba ($877 en avi\u00f3n, $950 en micro) y Mendoza (avi\u00f3n, $1.113, micro $1.400). En los tres casos son ida y vuelta. <\/strong><\/p>\n<p style=\"text-align: justify;\">Desde TEBA, concesionario de la terminal de Retiro, habr\u00eda reaccionado de la peor manera, quitando la publicidad de Aerol\u00edneas de las carteleras. La empresa encargada de la comercializaci\u00f3n de la pauta en esos lugares es Pinta Baires, con quien desde Transporte de la Naci\u00f3n habr\u00edan cerrado los acuerdos.<\/p>\n","protected":false},"excerpt":{"rendered":"<p>Los carteles\u00a0fueron colocados\u00a0el\u00a0domingo por la noche\u00a0en lugares estrat\u00e9gicos de la terminal de micros, donde los pasajeros\u00a0ascienden o bien llegan a la terminal.\u00a0All\u00ed se promocionan pasajes m\u00e1s econ\u00f3micos que en \u00f3mnibus. El pasaje ida y vuelta en micro a Bariloche cuesta $2.290 y en avi\u00f3n $1.500. La\u00a0publicidad gr\u00e1fica de Aerol\u00edneas Argentinas en la terminal de micros&hellip;<\/p>\n","protected":false},"author":1,"featured_media":0,"comment_status":"open","ping_status":"open","sticky":false,"template":"","format":"standard","meta":{"footnotes":""},"categories":[25],"tags":[3051,2864,1721,12263,15163],"class_list":["post-32485","post","type-post","status-publish","format-standard","hentry","category-sociedad","tag-aerolineas-argentinas","tag-avion","tag-micros","tag-pasajes","tag-terminal-retiro"],"_links":{"self":[{"href":"https:\/\/www.elsindical.com.ar\/notas\/wp-json\/wp\/v2\/posts\/32485","targetHints":{"allow":["GET"]}}],"collection":[{"href":"https:\/\/www.elsindical.com.ar\/notas\/wp-json\/wp\/v2\/posts"}],"about":[{"href":"https:\/\/www.elsindical.com.ar\/notas\/wp-json\/wp\/v2\/types\/post"}],"author":[{"embeddable":true,"href":"https:\/\/www.elsindical.com.ar\/notas\/wp-json\/wp\/v2\/users\/1"}],"replies":[{"embeddable":true,"href":"https:\/\/www.elsindical.com.ar\/notas\/wp-json\/wp\/v2\/comments?post=32485"}],"version-history":[{"count":2,"href":"https:\/\/www.elsindical.com.ar\/notas\/wp-json\/wp\/v2\/posts\/32485\/revisions"}],"predecessor-version":[{"id":32488,"href":"https:\/\/www.elsindical.com.ar\/notas\/wp-json\/wp\/v2\/posts\/32485\/revisions\/32488"}],"wp:attachment":[{"href":"https:\/\/www.elsindical.com.ar\/notas\/wp-json\/wp\/v2\/media?parent=32485"}],"wp:term":[{"taxonomy":"category","embeddable":true,"href":"https:\/\/www.elsindical.com.ar\/notas\/wp-json\/wp\/v2\/categories?post=32485"},{"taxonomy":"post_tag","embeddable":true,"href":"https:\/\/www.elsindical.com.ar\/notas\/wp-json\/wp\/v2\/tags?post=32485"}],"curies":[{"name":"wp","href":"https:\/\/api.w.org\/{rel}","templated":true}]}}