{"id":32479,"date":"2013-02-07T11:08:30","date_gmt":"2013-02-07T14:08:30","guid":{"rendered":"http:\/\/www.elsindical.com.ar\/notas\/?p=32479"},"modified":"2013-02-07T11:08:30","modified_gmt":"2013-02-07T14:08:30","slug":"chubutmarcha-y-organizacion-contra-la-megamineria","status":"publish","type":"post","link":"https:\/\/www.elsindical.com.ar\/notas\/chubutmarcha-y-organizacion-contra-la-megamineria\/","title":{"rendered":"Chubut:Marcha y organizaci\u00f3n contra la megaminer\u00eda"},"content":{"rendered":"<p style=\"text-align: justify;\"><em><a href=\"http:\/\/www.elsindical.com.ar\/notas\/var\/www\/html\/notas\/wp-content\/uploads\/2013\/02\/marcha-Esquel-contra-la-miner\u00eda.jpg\"><img loading=\"lazy\" decoding=\"async\" class=\"alignleft size-medium wp-image-32480\" alt=\"marcha-Esquel-contra-la-miner\u00eda\" src=\"http:\/\/www.elsindical.com.ar\/notas\/var\/www\/html\/notas\/wp-content\/uploads\/2013\/02\/marcha-Esquel-contra-la-miner\u00eda-225x300.jpg\" width=\"225\" height=\"300\" srcset=\"https:\/\/www.elsindical.com.ar\/notas\/var\/www\/html\/notas\/wp-content\/uploads\/2013\/02\/marcha-Esquel-contra-la-miner\u00eda-225x300.jpg 225w, https:\/\/www.elsindical.com.ar\/notas\/var\/www\/html\/notas\/wp-content\/uploads\/2013\/02\/marcha-Esquel-contra-la-miner\u00eda.jpg 443w\" sizes=\"auto, (max-width: 225px) 100vw, 225px\" \/><\/a>Bajo el lema de \u00abCamino a los 10 a\u00f1os del plebiscito, la lucha contin\u00faa\u00bb, nuevamente la comunidad de Esquel se moviliz\u00f3 en forma masiva por las calles de de dicha ciudad para manifestarse contra la megaminer\u00eda. La convocatoria fue precisa tambi\u00e9n para delinear acciones y eventos de cara a los festejos por la d\u00e9cada de lucha que se conmemorar\u00e1 el mes pr\u00f3ximo.<\/em><\/p>\n<p style=\"text-align: justify;\">Como sucede cada vez que el d\u00eda 4 llega al calendario, ayer la concentraci\u00f3n comenz\u00f3 cerca de las 18 horas. Poco a poco, en un clima de entusiasmo, la plaza se fue colmando de vecinos cargados con pancartas, banderas, cacerolas, ollas y redoblantes.<\/p>\n<p style=\"text-align: justify;\">Pero m\u00e1s all\u00e1 de la tradicional movilizaci\u00f3n, la concentraci\u00f3n de ayer sirvi\u00f3 para delinear acciones y eventos de cara a los festejos por la d\u00e9cada de lucha que se conmemorar\u00e1 el mes pr\u00f3ximo.<\/p>\n<p style=\"text-align: justify;\">\u00abSi bien los 10 a\u00f1os tienen un aspecto de festejo, son 10 a\u00f1os de resistencia\u00bb, dijo Flavio Romano. \u00abSon 10 a\u00f1os de lucha constante y mientras exista la codicia de estas empresas por robar y llevarse lo que ellos consideran una riqueza de estos suelos, como el petr\u00f3leo, el oro o el uranio, nuestra resistencia va a tener que seguir estando.<\/p>\n<p style=\"text-align: justify;\">Esta va a ser una lucha de generaciones as\u00ed que hay que llevarla adelante con alegr\u00eda y con fuerza, y hacerse cargo de que Esquel fue una de las primeras comunidades en Latinoam\u00e9rica que pudo pararse antes de que comiencen a robar. Nos paramos antes de que el ladr\u00f3n entre a casa\u00bb.<\/p>\n<p style=\"text-align: justify;\">En este sentido, remarc\u00f3 que \u00abnuestra actitud fue preventiva. Como m\u00e9dico puedo decir que tanto se habla de la prevenci\u00f3n y, esto que ha hecho Esquel fue una tarea preventiva popular, todo el pueblo preventivamente fren\u00f3 el problema que iba a poder tener. Hoy en el mundo hay much\u00edsimas comunidades peleando pero contra el problema consumado, tienen al zorro metido en el gallinero, y nosotros desde hace 10 a\u00f1os que estamos manteniendo al zorro afuera con todo lo dif\u00edcil que es eso\u00bb.<\/p>\n<p style=\"text-align: justify;\">Confi\u00f3 que \u00abel ejemplo de Esquel a estas empresas les preocupa demasiado, porque no los hemos dejado entrar, excepto por esta oficina trucha que esperamos que las autoridades pol\u00edticas se decidan a cerrar. Estamos logrando algo que no tiene demasiados precedentes y en s\u00ed mismo eso es motivo de festejo\u00bb.<\/p>\n<p style=\"text-align: justify;\"><strong>Marcha provincial<\/strong><\/p>\n<p style=\"text-align: justify;\">\u00abEstamos en la calle otra vez como cada d\u00eda 4 y no solo en Esquel sino en otros lugares de la provincia porque la lucha de Esquel es provincial, tambi\u00e9n marcha Trelew, marcha la Comarca, y distintos lugares de la provincia\u00bb, apunt\u00f3 Corina Mil\u00e1n. \u00abNos estamos preparando para los 10 a\u00f1os, incluso en el encuentro de ayer se aprovech\u00f3 para avanzar en la organizaci\u00f3n de los festejos. A medida que tengamos las concreciones lo vamos a ir difundiendo. Adem\u00e1s de marchar, aprovechamos para organizarnos y preparar los festejos para el d\u00e9cimo aniversario del plebiscito. Es que tenemos un mont\u00f3n de ideas y de cosas que estamos terminando de organizar, tenemos muchas tareas por hacer as\u00ed que invitamos a m\u00e1s vecinos a sumarse a la organizaci\u00f3n. La lucha contin\u00faa, queremos a las empresas mineras afuera de Esquel y de Chubut\u00bb.<\/p>\n<p style=\"text-align: justify;\"><strong>Basta de mentiras<\/strong><\/p>\n<p style=\"text-align: justify;\"><strong>Roberto Hlouseck declar\u00f3 <\/strong>que \u00abhay que decir que la lucha contin\u00faa porque tambi\u00e9n es cierto que lamentablemente contin\u00faa la presencia de las oficinas de Yamana Gold en nuestra ciudad, y no ha ca\u00eddo el 1\u00ba de enero la habilitaci\u00f3n, a\u00fan siendo provisoria se podr\u00eda retirar pero siguen ah\u00ed golpeando las puertas a los vecinos para seguir difundiendo sus mentiras\u00bb.<\/p>\n<p style=\"text-align: justify;\">Por ello record\u00f3 que \u00abYamana Gold es la misma empresa que Meridian Gold, y es una m\u00e1s de las mentiras que han estado tratando de vendernos. Hoy en d\u00eda nos solidarizamos con los vecinos y vecinas de las localidades de la meseta que han estado siendo presionados por las mineras, con esta historia de que ahora queda en la calle la poca gente que de alguna manera estaba enga\u00f1ada con estos empleos truchos\u00bb.<\/p>\n<p style=\"text-align: justify;\">Fuente: P\u00e1ginas del Sur<\/p>\n","protected":false},"excerpt":{"rendered":"<p>Bajo el lema de \u00abCamino a los 10 a\u00f1os del plebiscito, la lucha contin\u00faa\u00bb, nuevamente la comunidad de Esquel se moviliz\u00f3 en forma masiva por las calles de de dicha ciudad para manifestarse contra la megaminer\u00eda. La convocatoria fue precisa tambi\u00e9n para delinear acciones y eventos de cara a los festejos por la d\u00e9cada de&hellip;<\/p>\n","protected":false},"author":1,"featured_media":0,"comment_status":"open","ping_status":"open","sticky":false,"template":"","format":"standard","meta":{"footnotes":""},"categories":[25],"tags":[886,14118,15159,156,11274,512],"class_list":["post-32479","post","type-post","status-publish","format-standard","hentry","category-sociedad","tag-chubut","tag-esquel","tag-flavio-romano","tag-marcha","tag-megamineria","tag-reclamo"],"_links":{"self":[{"href":"https:\/\/www.elsindical.com.ar\/notas\/wp-json\/wp\/v2\/posts\/32479","targetHints":{"allow":["GET"]}}],"collection":[{"href":"https:\/\/www.elsindical.com.ar\/notas\/wp-json\/wp\/v2\/posts"}],"about":[{"href":"https:\/\/www.elsindical.com.ar\/notas\/wp-json\/wp\/v2\/types\/post"}],"author":[{"embeddable":true,"href":"https:\/\/www.elsindical.com.ar\/notas\/wp-json\/wp\/v2\/users\/1"}],"replies":[{"embeddable":true,"href":"https:\/\/www.elsindical.com.ar\/notas\/wp-json\/wp\/v2\/comments?post=32479"}],"version-history":[{"count":1,"href":"https:\/\/www.elsindical.com.ar\/notas\/wp-json\/wp\/v2\/posts\/32479\/revisions"}],"predecessor-version":[{"id":32481,"href":"https:\/\/www.elsindical.com.ar\/notas\/wp-json\/wp\/v2\/posts\/32479\/revisions\/32481"}],"wp:attachment":[{"href":"https:\/\/www.elsindical.com.ar\/notas\/wp-json\/wp\/v2\/media?parent=32479"}],"wp:term":[{"taxonomy":"category","embeddable":true,"href":"https:\/\/www.elsindical.com.ar\/notas\/wp-json\/wp\/v2\/categories?post=32479"},{"taxonomy":"post_tag","embeddable":true,"href":"https:\/\/www.elsindical.com.ar\/notas\/wp-json\/wp\/v2\/tags?post=32479"}],"curies":[{"name":"wp","href":"https:\/\/api.w.org\/{rel}","templated":true}]}}