{"id":32461,"date":"2013-02-06T17:03:43","date_gmt":"2013-02-06T20:03:43","guid":{"rendered":"http:\/\/www.elsindical.com.ar\/notas\/?p=32461"},"modified":"2013-02-06T17:03:43","modified_gmt":"2013-02-06T20:03:43","slug":"advertencia-por-el-cobro-de-las-bolsas-plasticas-en-supermercados","status":"publish","type":"post","link":"https:\/\/www.elsindical.com.ar\/notas\/advertencia-por-el-cobro-de-las-bolsas-plasticas-en-supermercados\/","title":{"rendered":"Advertencia por el cobro de las bolsas pl\u00e1sticas en supermercados"},"content":{"rendered":"<p style=\"text-align: justify;\"><em><a href=\"http:\/\/www.elsindical.com.ar\/notas\/var\/www\/html\/notas\/wp-content\/uploads\/2013\/02\/bolsas-pl\u00e1sticas.jpg\"><img loading=\"lazy\" decoding=\"async\" class=\"alignleft size-medium wp-image-32462\" alt=\"bolsas-pl\u00e1sticas\" src=\"http:\/\/www.elsindical.com.ar\/notas\/var\/www\/html\/notas\/wp-content\/uploads\/2013\/02\/bolsas-pl\u00e1sticas-300x191.jpg\" width=\"300\" height=\"191\" srcset=\"https:\/\/www.elsindical.com.ar\/notas\/var\/www\/html\/notas\/wp-content\/uploads\/2013\/02\/bolsas-pl\u00e1sticas-300x191.jpg 300w, https:\/\/www.elsindical.com.ar\/notas\/var\/www\/html\/notas\/wp-content\/uploads\/2013\/02\/bolsas-pl\u00e1sticas.jpg 413w\" sizes=\"auto, (max-width: 300px) 100vw, 300px\" \/><\/a>La Defensor\u00eda del Pueblo porte\u00f1a pidi\u00f3 a la Direcci\u00f3n General de Defensa y Protecci\u00f3n al Consumidor del Gobierno de la Ciudad de Buenos Aires que se verifique si la decisi\u00f3n de los supermercados, hipermercados y autoservicios de facturar un cargo adicional por la provisi\u00f3n de bolsas pl\u00e1sticas no biodegradables, constituye una infracci\u00f3n a las normas que protegen a los usuarios y consumidores. De as\u00ed corresponder, advirti\u00f3 que se eval\u00fae el dictado de una medida preventiva mediante la cual se ordene la suspensi\u00f3n de dicha facturaci\u00f3n.<\/em><\/p>\n<p style=\"text-align: justify;\">A partir de la entrada en vigencia de la Resoluci\u00f3n sobre el \u201cPlan de Reducci\u00f3n de Bolsas y de Sustituci\u00f3n de Sobres no Biodegradables\u201d, la Defensor\u00eda recibi\u00f3 numerosas consultas y reclamos de los vecinos que manifiestan que las bolsas pl\u00e1sticas que proveen las grandes cadenas de supermercados, hipermercados y autoservicios, comenzaron a ser facturadas en la compra.<\/p>\n<p style=\"text-align: justify;\">Seg\u00fan los reclamos recibidos, las bolsas pl\u00e1sticas que se entregan actualmente en cada compra -que deber\u00edan ser suministradas de manera gratuita- son cobradas bajo conceptos tales como \u201cBolsa Verde\u201d, \u201cBolsa Negra\u201d o \u201cBolsa Reciclable Negra\u201d, cuyos valores oscilan entre los quince y veinticinco centavos.<\/p>\n<p style=\"text-align: justify;\">Por otro lado, algunos vecinos se\u00f1alaron que, si bien se respetan los colores verde y negro exigidos por la nueva normativa, las actuales bolsas son del mismo material y calidad de las anteriores entregadas gratuitamente con la compra.<\/p>\n<p style=\"text-align: justify;\">Mediante la mencionada Resoluci\u00f3n, dictada por la Agencia de Protecci\u00f3n Ambiental (APRA) dependiente del Ministerio de Ambiente y Espacio P\u00fablico -en el marco de lo dispuesto por la Ley 3147 de la Ciudad Aut\u00f3noma de Buenos Aires-, se aprob\u00f3 el \u201cPlan de Reducci\u00f3n de Bolsas y de Sustituci\u00f3n de Sobres No Biodegradables\u201d, con el objetivo principal de contribuir a la reducci\u00f3n de la generaci\u00f3n de residuos en la Ciudad.<\/p>\n<p style=\"text-align: justify;\">Luego se public\u00f3 una \u201cmodificatoria\u201d que establece las obligaciones a cumplirse por parte de los comercios que provean bolsas pl\u00e1sticas oxodegradables, sobres no biodegradables y bolsas no biodegradables, y los plazos definitivos para su eliminaci\u00f3n o reemplazo por materiales biodegradables.<\/p>\n<p style=\"text-align: justify;\">Asimismo, se ordena implementar un sistema de incentivos a trav\u00e9s de los cuales los supermercados, hipermercados y autoservicios deber\u00e1n efectuar acciones tendientes a que sus clientes dejen de utilizar bolsas no biodegradables y comiencen a usar bolsas reutilizables, changuitos o devuelvan las bolsas no biodegradables para reciclar.<\/p>\n<p style=\"text-align: justify;\">En este sentido, para la Defensor\u00eda la decisi\u00f3n del sector empresarial supermercadista de cobrar las bolsas pl\u00e1sticas no propicia ning\u00fan incentivo de los que pretende alentar la normativa en vigencia, sino que por el contrario, se traduce en una pr\u00e1ctica de imposici\u00f3n de un cargo econ\u00f3mico adicional a los consumidores -que no est\u00e1 previsto ni autorizado- afect\u00e1ndose derechos e intereses, constitucionalmente reconocidos, con proyecci\u00f3n de incidencia colectiva.<\/p>\n","protected":false},"excerpt":{"rendered":"<p>La Defensor\u00eda del Pueblo porte\u00f1a pidi\u00f3 a la Direcci\u00f3n General de Defensa y Protecci\u00f3n al Consumidor del Gobierno de la Ciudad de Buenos Aires que se verifique si la decisi\u00f3n de los supermercados, hipermercados y autoservicios de facturar un cargo adicional por la provisi\u00f3n de bolsas pl\u00e1sticas no biodegradables, constituye una infracci\u00f3n a las normas&hellip;<\/p>\n","protected":false},"author":1,"featured_media":0,"comment_status":"open","ping_status":"open","sticky":false,"template":"","format":"standard","meta":{"footnotes":""},"categories":[25],"tags":[15147,15148,5997,15137,9090,1560],"class_list":["post-32461","post","type-post","status-publish","format-standard","hentry","category-sociedad","tag-biodegradables","tag-bolsas","tag-consultas","tag-defensoria-de-la-ciudad","tag-resolucion","tag-supermercados"],"_links":{"self":[{"href":"https:\/\/www.elsindical.com.ar\/notas\/wp-json\/wp\/v2\/posts\/32461","targetHints":{"allow":["GET"]}}],"collection":[{"href":"https:\/\/www.elsindical.com.ar\/notas\/wp-json\/wp\/v2\/posts"}],"about":[{"href":"https:\/\/www.elsindical.com.ar\/notas\/wp-json\/wp\/v2\/types\/post"}],"author":[{"embeddable":true,"href":"https:\/\/www.elsindical.com.ar\/notas\/wp-json\/wp\/v2\/users\/1"}],"replies":[{"embeddable":true,"href":"https:\/\/www.elsindical.com.ar\/notas\/wp-json\/wp\/v2\/comments?post=32461"}],"version-history":[{"count":1,"href":"https:\/\/www.elsindical.com.ar\/notas\/wp-json\/wp\/v2\/posts\/32461\/revisions"}],"predecessor-version":[{"id":32463,"href":"https:\/\/www.elsindical.com.ar\/notas\/wp-json\/wp\/v2\/posts\/32461\/revisions\/32463"}],"wp:attachment":[{"href":"https:\/\/www.elsindical.com.ar\/notas\/wp-json\/wp\/v2\/media?parent=32461"}],"wp:term":[{"taxonomy":"category","embeddable":true,"href":"https:\/\/www.elsindical.com.ar\/notas\/wp-json\/wp\/v2\/categories?post=32461"},{"taxonomy":"post_tag","embeddable":true,"href":"https:\/\/www.elsindical.com.ar\/notas\/wp-json\/wp\/v2\/tags?post=32461"}],"curies":[{"name":"wp","href":"https:\/\/api.w.org\/{rel}","templated":true}]}}