{"id":32436,"date":"2013-02-06T08:04:16","date_gmt":"2013-02-06T11:04:16","guid":{"rendered":"http:\/\/www.elsindical.com.ar\/notas\/?p=32436"},"modified":"2013-02-06T08:04:16","modified_gmt":"2013-02-06T11:04:16","slug":"avellanedalos-riesgos-de-la-falta-de-iluminacion-en-la-via-publica","status":"publish","type":"post","link":"https:\/\/www.elsindical.com.ar\/notas\/avellanedalos-riesgos-de-la-falta-de-iluminacion-en-la-via-publica\/","title":{"rendered":"Avellaneda:Los riesgos de la falta de iluminaci\u00f3n en la v\u00eda p\u00fablica"},"content":{"rendered":"<p style=\"text-align: justify;\">\u00a0<a href=\"http:\/\/www.elsindical.com.ar\/notas\/var\/www\/html\/notas\/wp-content\/uploads\/2013\/02\/accidente-Gerli-sin-luz.jpg\"><img loading=\"lazy\" decoding=\"async\" class=\"alignleft size-medium wp-image-32437\" alt=\"accidente-Gerli-sin-luz\" src=\"http:\/\/www.elsindical.com.ar\/notas\/var\/www\/html\/notas\/wp-content\/uploads\/2013\/02\/accidente-Gerli-sin-luz-300x225.jpg\" width=\"300\" height=\"225\" srcset=\"https:\/\/www.elsindical.com.ar\/notas\/var\/www\/html\/notas\/wp-content\/uploads\/2013\/02\/accidente-Gerli-sin-luz-300x225.jpg 300w, https:\/\/www.elsindical.com.ar\/notas\/var\/www\/html\/notas\/wp-content\/uploads\/2013\/02\/accidente-Gerli-sin-luz-399x300.jpg 399w, https:\/\/www.elsindical.com.ar\/notas\/var\/www\/html\/notas\/wp-content\/uploads\/2013\/02\/accidente-Gerli-sin-luz.jpg 531w\" sizes=\"auto, (max-width: 300px) 100vw, 300px\" \/><\/a> <em>Anoche, promediando las 21:45 hs. una pareja de j\u00f3venes que circulaban por la Av.Cris\u00f3logo Larralde, en direcci\u00f3n a Capital Federal, al llegar a la altura de la calle Rep\u00fablica del L\u00edbano, son sorprendidos por un perro negro que cruza corriendo, al cual embisten a pesar de intentar esquivarlo y terminan callendo a la calle, con el riesgo de ser tanto el hombre que conduc\u00eda como la mujer, ser arrollados por los veh\u00edculos, que ante la falta de luz y por la inseguridad circulan a alta velocidad.<\/em><\/p>\n<p style=\"text-align: justify;\">La causalidad quiz\u00f3 que pasara por el lugar Gonzalo Hawrylciw, el cual, di\u00f3 la vuelta\u00a0y cruz\u00f3 su auto en la avenida para que el cuerpo del joven estuviera protegido, ya que no pod\u00eda ponerse en pie, y presentaba un corte en la ceja, la mujer se encontraba mejor, con un golpe en el tobillo, alertado el Editor General de El Sindical, estableci\u00f3 comunicaci\u00f3n con el 911, el cual desplaz\u00f3 inmediatamente un m\u00f3vil de la comisar\u00eda 6ta. y en minutos arrib\u00f3 un ambulancia de la municipalidad de Avellaneda.<\/p>\n<p style=\"text-align: justify;\">Hay que destacar dos cosas, una, el riesgo que implica que en avenidas con un importante caudal de veh\u00edculos no haya iluminaci\u00f3n, por los riesgos que se producen, en este caso fue un perro que no sufri\u00f3 heridas importantes, pero ante la falta de luz y sem\u00e1foros, bien pod\u00eda haber sido una persona, y la otra la pronta respuesta policial y de la ambulancia, algo que esperamos no sea una excepci\u00f3n.<\/p>\n<p style=\"text-align: justify;\">\n","protected":false},"excerpt":{"rendered":"<p>\u00a0 Anoche, promediando las 21:45 hs. una pareja de j\u00f3venes que circulaban por la Av.Cris\u00f3logo Larralde, en direcci\u00f3n a Capital Federal, al llegar a la altura de la calle Rep\u00fablica del L\u00edbano, son sorprendidos por un perro negro que cruza corriendo, al cual embisten a pesar de intentar esquivarlo y terminan callendo a la calle,&hellip;<\/p>\n","protected":false},"author":1,"featured_media":0,"comment_status":"open","ping_status":"open","sticky":false,"template":"","format":"standard","meta":{"footnotes":""},"categories":[22],"tags":[614,990,1406,461,1662,582,378,30],"class_list":["post-32436","post","type-post","status-publish","format-standard","hentry","category-policiales","tag-614","tag-accidente","tag-ambulancia","tag-avellaneda","tag-gerli","tag-heridos","tag-jovenes","tag-policia"],"_links":{"self":[{"href":"https:\/\/www.elsindical.com.ar\/notas\/wp-json\/wp\/v2\/posts\/32436","targetHints":{"allow":["GET"]}}],"collection":[{"href":"https:\/\/www.elsindical.com.ar\/notas\/wp-json\/wp\/v2\/posts"}],"about":[{"href":"https:\/\/www.elsindical.com.ar\/notas\/wp-json\/wp\/v2\/types\/post"}],"author":[{"embeddable":true,"href":"https:\/\/www.elsindical.com.ar\/notas\/wp-json\/wp\/v2\/users\/1"}],"replies":[{"embeddable":true,"href":"https:\/\/www.elsindical.com.ar\/notas\/wp-json\/wp\/v2\/comments?post=32436"}],"version-history":[{"count":1,"href":"https:\/\/www.elsindical.com.ar\/notas\/wp-json\/wp\/v2\/posts\/32436\/revisions"}],"predecessor-version":[{"id":32438,"href":"https:\/\/www.elsindical.com.ar\/notas\/wp-json\/wp\/v2\/posts\/32436\/revisions\/32438"}],"wp:attachment":[{"href":"https:\/\/www.elsindical.com.ar\/notas\/wp-json\/wp\/v2\/media?parent=32436"}],"wp:term":[{"taxonomy":"category","embeddable":true,"href":"https:\/\/www.elsindical.com.ar\/notas\/wp-json\/wp\/v2\/categories?post=32436"},{"taxonomy":"post_tag","embeddable":true,"href":"https:\/\/www.elsindical.com.ar\/notas\/wp-json\/wp\/v2\/tags?post=32436"}],"curies":[{"name":"wp","href":"https:\/\/api.w.org\/{rel}","templated":true}]}}