{"id":32340,"date":"2013-02-03T20:23:04","date_gmt":"2013-02-03T23:23:04","guid":{"rendered":"http:\/\/www.elsindical.com.ar\/notas\/?p=32340"},"modified":"2013-02-03T20:23:04","modified_gmt":"2013-02-03T23:23:04","slug":"estamos-buscando-a-camila-ayelen-garcia","status":"publish","type":"post","link":"https:\/\/www.elsindical.com.ar\/notas\/estamos-buscando-a-camila-ayelen-garcia\/","title":{"rendered":"Estamos buscando a Camila Ayel\u00e9n Garc\u00eda"},"content":{"rendered":"<div id=\"id_510eed4dc83926824048419\" style=\"text-align: justify;\"><a href=\"http:\/\/www.elsindical.com.ar\/notas\/var\/www\/html\/notas\/wp-content\/uploads\/2013\/02\/Camila-Ayel\u00e9n-Garc\u00eda.jpg\"><img loading=\"lazy\" decoding=\"async\" class=\"alignleft size-medium wp-image-32341\" alt=\"Camila-Ayel\u00e9n-Garc\u00eda\" src=\"http:\/\/www.elsindical.com.ar\/notas\/var\/www\/html\/notas\/wp-content\/uploads\/2013\/02\/Camila-Ayel\u00e9n-Garc\u00eda-228x300.jpg\" width=\"228\" height=\"300\" srcset=\"https:\/\/www.elsindical.com.ar\/notas\/var\/www\/html\/notas\/wp-content\/uploads\/2013\/02\/Camila-Ayel\u00e9n-Garc\u00eda-228x300.jpg 228w, https:\/\/www.elsindical.com.ar\/notas\/var\/www\/html\/notas\/wp-content\/uploads\/2013\/02\/Camila-Ayel\u00e9n-Garc\u00eda.jpg 531w\" sizes=\"auto, (max-width: 228px) 100vw, 228px\" \/><\/a>Ayudanos a encontrar a Camila Ayel\u00e9n Garc\u00eda. Tiene 14 a\u00f1os y desapareci\u00f3 el dia 28 de Enero a las 9:45hs de la calle Reconquista 1344 dpto 6 de Gerli (Avellaneda).<\/div>\n<div style=\"text-align: justify;\"><\/div>\n<div style=\"text-align: justify;\">Mide 1,55m de altura, cabello largo de color oscuro, tez trigue\u00f1a, contextura delgada 50kg aprox., ojos color marr\u00f3n.<\/div>\n<div style=\"text-align: justify;\"><\/div>\n<div style=\"text-align: justify;\">En el momento de la desparici\u00f3n vest\u00eda un short de jean y musculosa.<\/div>\n<div style=\"text-align: justify;\"><\/div>\n<div style=\"text-align: justify;\">Cualquier dato comunicarse a la Secretar\u00eda de Derechos Humanos de Avellaneda a los siguientes telefonos:\u00a0 <strong>5227-7117\/7175\/7174<\/strong> O bien al <strong>4205-3534 o 1555152164<\/strong> (Ver\u00f3nica LLanos).<\/div>\n","protected":false},"excerpt":{"rendered":"<p>Ayudanos a encontrar a Camila Ayel\u00e9n Garc\u00eda. Tiene 14 a\u00f1os y desapareci\u00f3 el dia 28 de Enero a las 9:45hs de la calle Reconquista 1344 dpto 6 de Gerli (Avellaneda). Mide 1,55m de altura, cabello largo de color oscuro, tez trigue\u00f1a, contextura delgada 50kg aprox., ojos color marr\u00f3n. En el momento de la desparici\u00f3n vest\u00eda&hellip;<\/p>\n","protected":false},"author":1,"featured_media":0,"comment_status":"open","ping_status":"open","sticky":false,"template":"","format":"standard","meta":{"footnotes":""},"categories":[26],"tags":[461,15080,22022,1662,15081],"class_list":["post-32340","post","type-post","status-publish","format-standard","hentry","category-solidaridad","tag-avellaneda","tag-camila-ayelen-garcia","tag-derechos-humanos","tag-gerli","tag-veronica-llanos"],"_links":{"self":[{"href":"https:\/\/www.elsindical.com.ar\/notas\/wp-json\/wp\/v2\/posts\/32340","targetHints":{"allow":["GET"]}}],"collection":[{"href":"https:\/\/www.elsindical.com.ar\/notas\/wp-json\/wp\/v2\/posts"}],"about":[{"href":"https:\/\/www.elsindical.com.ar\/notas\/wp-json\/wp\/v2\/types\/post"}],"author":[{"embeddable":true,"href":"https:\/\/www.elsindical.com.ar\/notas\/wp-json\/wp\/v2\/users\/1"}],"replies":[{"embeddable":true,"href":"https:\/\/www.elsindical.com.ar\/notas\/wp-json\/wp\/v2\/comments?post=32340"}],"version-history":[{"count":1,"href":"https:\/\/www.elsindical.com.ar\/notas\/wp-json\/wp\/v2\/posts\/32340\/revisions"}],"predecessor-version":[{"id":32342,"href":"https:\/\/www.elsindical.com.ar\/notas\/wp-json\/wp\/v2\/posts\/32340\/revisions\/32342"}],"wp:attachment":[{"href":"https:\/\/www.elsindical.com.ar\/notas\/wp-json\/wp\/v2\/media?parent=32340"}],"wp:term":[{"taxonomy":"category","embeddable":true,"href":"https:\/\/www.elsindical.com.ar\/notas\/wp-json\/wp\/v2\/categories?post=32340"},{"taxonomy":"post_tag","embeddable":true,"href":"https:\/\/www.elsindical.com.ar\/notas\/wp-json\/wp\/v2\/tags?post=32340"}],"curies":[{"name":"wp","href":"https:\/\/api.w.org\/{rel}","templated":true}]}}