{"id":32333,"date":"2013-02-03T15:16:19","date_gmt":"2013-02-03T18:16:19","guid":{"rendered":"http:\/\/www.elsindical.com.ar\/notas\/?p=32333"},"modified":"2013-02-03T15:16:19","modified_gmt":"2013-02-03T18:16:19","slug":"villa-luganobalean-a-cabo-de-la-policia-federal-en-intento-de-robo","status":"publish","type":"post","link":"https:\/\/www.elsindical.com.ar\/notas\/villa-luganobalean-a-cabo-de-la-policia-federal-en-intento-de-robo\/","title":{"rendered":"Villa Lugano:Balean a Cabo de la polic\u00eda federal en intento de robo"},"content":{"rendered":"<p style=\"text-align: justify;\"><em><a href=\"http:\/\/www.elsindical.com.ar\/notas\/var\/www\/html\/notas\/wp-content\/uploads\/2011\/08\/disparo-rev\u00f3lver.jpg\"><img loading=\"lazy\" decoding=\"async\" class=\"alignleft size-medium wp-image-16192\" alt=\"disparo-rev\u00f3lver\" src=\"http:\/\/www.elsindical.com.ar\/notas\/var\/www\/html\/notas\/wp-content\/uploads\/2011\/08\/disparo-rev\u00f3lver-300x248.jpg\" width=\"300\" height=\"248\" srcset=\"https:\/\/www.elsindical.com.ar\/notas\/var\/www\/html\/notas\/wp-content\/uploads\/2011\/08\/disparo-rev\u00f3lver-300x248.jpg 300w, https:\/\/www.elsindical.com.ar\/notas\/var\/www\/html\/notas\/wp-content\/uploads\/2011\/08\/disparo-rev\u00f3lver.jpg 413w\" sizes=\"auto, (max-width: 300px) 100vw, 300px\" \/><\/a>Un efectivo de la Policia Federal, identificado como Carlos Ib\u00e1\u00f1ez, fue herido de dos balazos al ser atacado por cuatro delincuentes que intentaron robarle el auto en el barrio porte\u00f1o de Villa Lugano. El Cabo se encuentra internado en estos momentos en el Hospital Churruca. Los investigadores de la seccional 48va. intentaban esta tarde identificar a los agresores.<\/em><\/p>\n<p style=\"text-align: justify;\">Un Cabo de la Polic\u00eda Federal fue herido de dos balazos cuando cuatro delincuentes intentaron robarle el auto en el barrio porte\u00f1o de Villa Lugano, informaron fuentes de la fuerza. Se trata del efectivo Carlos Ib\u00e1\u00f1ez (32), quien hasta esta tarde se encontraba internado en el Hospital Churruca en grave estado debido a las lesiones sufridas.<\/p>\n<p>Fuentes policiales informaron que el hecho ocurri\u00f3 anoche, en el cruce de la colectora de Avenida Dellepiane y Larraz\u00e1bal, en dicho barrio de la Capital Federal.<\/p>\n<p>El Cabo iba a bordo de un auto marca Fiat con ropas de civil junto a su familia y se prestaba a ingresar a cargar combustible en una estaci\u00f3n de servicio YPF. Seg\u00fan las fuentes, en ese momento cuatro delincuentes armados que se movilizaban en otro veh\u00edculo los intercept\u00f3 sobre la avenida Dellepiane.<\/p>\n<p>Los asaltantes intentaron robarle el auto pero al darse cuenta de que Ib\u00e1\u00f1ez era polic\u00eda efectuaron varios disparos, de los cuales uno le impact\u00f3 en el t\u00f3rax y otro en el est\u00f3mago.<\/p>\n<p>El efectivo no intent\u00f3 resistirse al robo debido a que estaba con su familia, por lo que los delincuentes lo balearon directamente por su condici\u00f3n de polic\u00eda, dijeron los voceros consultados.<\/p>\n<p>El Cabo Ib\u00e1nez, quien desempe\u00f1a sus tareas en la comisar\u00eda 52da., fue trasladado de urgencia al Hospital Churruca, donde permanec\u00eda internado en terapia intensiva, mientras que los ladrones huyeron sin robar nada.<\/p>\n<p>Los investigadores de la seccional 48va. intentaban esta tarde identificar a los agresores a trav\u00e9s de las grabaciones de las c\u00e1maras de seguridad situadas en la estaci\u00f3n de servicio. Adem\u00e1s, secuestraron algunas vainas servidas de diversos calibres, por lo que todav\u00eda no pudieron determinar con qu\u00e9 arma efectuaron los disparos.<\/p>\n","protected":false},"excerpt":{"rendered":"<p>Un efectivo de la Policia Federal, identificado como Carlos Ib\u00e1\u00f1ez, fue herido de dos balazos al ser atacado por cuatro delincuentes que intentaron robarle el auto en el barrio porte\u00f1o de Villa Lugano. El Cabo se encuentra internado en estos momentos en el Hospital Churruca. Los investigadores de la seccional 48va. intentaban esta tarde identificar&hellip;<\/p>\n","protected":false},"author":1,"featured_media":0,"comment_status":"open","ping_status":"open","sticky":false,"template":"","format":"standard","meta":{"footnotes":""},"categories":[22],"tags":[15075,581,116,1178],"class_list":["post-32333","post","type-post","status-publish","format-standard","hentry","category-policiales","tag-cabo-carlos-ibanez","tag-delincuentes","tag-robo","tag-villa-lugano"],"_links":{"self":[{"href":"https:\/\/www.elsindical.com.ar\/notas\/wp-json\/wp\/v2\/posts\/32333","targetHints":{"allow":["GET"]}}],"collection":[{"href":"https:\/\/www.elsindical.com.ar\/notas\/wp-json\/wp\/v2\/posts"}],"about":[{"href":"https:\/\/www.elsindical.com.ar\/notas\/wp-json\/wp\/v2\/types\/post"}],"author":[{"embeddable":true,"href":"https:\/\/www.elsindical.com.ar\/notas\/wp-json\/wp\/v2\/users\/1"}],"replies":[{"embeddable":true,"href":"https:\/\/www.elsindical.com.ar\/notas\/wp-json\/wp\/v2\/comments?post=32333"}],"version-history":[{"count":2,"href":"https:\/\/www.elsindical.com.ar\/notas\/wp-json\/wp\/v2\/posts\/32333\/revisions"}],"predecessor-version":[{"id":32335,"href":"https:\/\/www.elsindical.com.ar\/notas\/wp-json\/wp\/v2\/posts\/32333\/revisions\/32335"}],"wp:attachment":[{"href":"https:\/\/www.elsindical.com.ar\/notas\/wp-json\/wp\/v2\/media?parent=32333"}],"wp:term":[{"taxonomy":"category","embeddable":true,"href":"https:\/\/www.elsindical.com.ar\/notas\/wp-json\/wp\/v2\/categories?post=32333"},{"taxonomy":"post_tag","embeddable":true,"href":"https:\/\/www.elsindical.com.ar\/notas\/wp-json\/wp\/v2\/tags?post=32333"}],"curies":[{"name":"wp","href":"https:\/\/api.w.org\/{rel}","templated":true}]}}