{"id":32307,"date":"2013-02-02T00:22:59","date_gmt":"2013-02-02T03:22:59","guid":{"rendered":"http:\/\/www.elsindical.com.ar\/notas\/?p=32307"},"modified":"2013-02-02T00:22:59","modified_gmt":"2013-02-02T03:22:59","slug":"desbarataron-cuatro-bandas-de-piratas-del-asfalto-en-la-zona-sur","status":"publish","type":"post","link":"https:\/\/www.elsindical.com.ar\/notas\/desbarataron-cuatro-bandas-de-piratas-del-asfalto-en-la-zona-sur\/","title":{"rendered":"Desbarataron cuatro bandas de piratas del asfalto en la zona sur"},"content":{"rendered":"<p style=\"text-align: justify;\"><em><a href=\"http:\/\/www.elsindical.com.ar\/notas\/var\/www\/html\/notas\/wp-content\/uploads\/2013\/02\/DDI-Lomas-de-Zamora-secuestros.jpg\"><img loading=\"lazy\" decoding=\"async\" class=\"alignleft size-medium wp-image-32308\" alt=\"DDI-Lomas-de-Zamora-secuestros\" src=\"http:\/\/www.elsindical.com.ar\/notas\/var\/www\/html\/notas\/wp-content\/uploads\/2013\/02\/DDI-Lomas-de-Zamora-secuestros-300x190.jpg\" width=\"300\" height=\"190\" srcset=\"https:\/\/www.elsindical.com.ar\/notas\/var\/www\/html\/notas\/wp-content\/uploads\/2013\/02\/DDI-Lomas-de-Zamora-secuestros-300x190.jpg 300w, https:\/\/www.elsindical.com.ar\/notas\/var\/www\/html\/notas\/wp-content\/uploads\/2013\/02\/DDI-Lomas-de-Zamora-secuestros.jpg 443w\" sizes=\"auto, (max-width: 300px) 100vw, 300px\" \/><\/a>Personal de la DDI de Lomas de Zamora detuvo a 18 personas, acusadas de integrar cuatro bandas delictivas que robaban mercader\u00eda con la modalidad pirater\u00eda del asfalto y autos de alta gama en la regi\u00f3n. A principios de la semana, ya hab\u00edan desbaratado una banda en Wilde.<\/em><\/p>\n<p style=\"text-align: justify;\">Efectivos de la Delegaci\u00f3n Departamental de Investigaciones (DDI) de Lomas de Zamora detuvieron a 18 personas acusadas de formar parte de cuatro bandas delictivas que robaban mercader\u00eda con la modalidad pirater\u00eda del asfalto y autos de alta gama en distintas zonas de la regi\u00f3n.<\/p>\n<p>Los allanamientos fueron realizados por personal de la DDI Lomas de Zamora que detuvieron a 18 personas, mayores de edad, que hab\u00edan actuado en el\u00a0 \u00faltimo mes en diferentes hechos relacionados con la pirater\u00eda del asfalto.<\/p>\n<p>Los efectivos secuestraron, en dep\u00f3sitos de las zonas de Virrey del Pino y Banfield, gran cantidad de televisores y aires acondicionados. Por otra parte se recuperaron miles de pa\u00f1ales que hab\u00eda sido sustraidos por piratas del asfalto.<\/p>\n<p>Adem\u00e1s se logr\u00f3 secuestrar cuatro veh\u00edculos de alta gama, que estaban expuestos en concesionarias para su venta, con los chasis y patentes adulterados y con pedidos de secuestro.<\/p>\n<p>En tanto que en dos farmacias en Lomas de Zamora se hallaron varias cajas con medicamentos, que se comercializaban de forma ilegal.<\/p>\n<p>El Ministro de Justicia y Seguridad, Ricardo Casal explic\u00f3: \u00abRespecto de los medicamentos robados, debemos agradecer a la Agencia Nacional de Medicamentos (A.N.M.A.T) dependiente del Ministerio de Salud de la Naci\u00f3n, que ha colaborado much\u00edsimo con el trabajo de la investigaci\u00f3n,\u00a0 porque era una banda dedicada a robar veh\u00edculos que transportaban medicamentos\u201d y agreg\u00f3 \u201cse logr\u00f3 secuestrar, en domicilios particulares y en farmacias, todos los medicamentos que hab\u00edan sido sustra\u00eddos en la zona de Avellaneda y Lan\u00fas\u201d.<\/p>\n<p>El funcionario tambi\u00e9n destac\u00f3 que \u201ccon estos operativos se est\u00e1 cumpliendo con el objetivo de trabajar fuertemente contra el crimen organizado y esto es lo que nosotros queremos poner de manifiesto, que vamos a seguir d\u00e1ndole batalla a la delincuencia\u201d.<\/p>\n<p>Acompa\u00f1aron a Casal, el Subsecretario de Pol\u00edtica Criminal e Investigaciones Judiciales, C\u00e9sar Albarrac\u00edn; el Superintendente de Investigaciones en Funci\u00f3n Judicial, Jorge Nasrala y el Titular de la DDI de Lomas de Zamora, Carlos Prost.<\/p>\n","protected":false},"excerpt":{"rendered":"<p>Personal de la DDI de Lomas de Zamora detuvo a 18 personas, acusadas de integrar cuatro bandas delictivas que robaban mercader\u00eda con la modalidad pirater\u00eda del asfalto y autos de alta gama en la regi\u00f3n. A principios de la semana, ya hab\u00edan desbaratado una banda en Wilde. Efectivos de la Delegaci\u00f3n Departamental de Investigaciones (DDI)&hellip;<\/p>\n","protected":false},"author":1,"featured_media":0,"comment_status":"open","ping_status":"open","sticky":false,"template":"","format":"standard","meta":{"footnotes":""},"categories":[22],"tags":[493,1599,5439,6312,30,6949,882],"class_list":["post-32307","post","type-post","status-publish","format-standard","hentry","category-policiales","tag-allanamientos","tag-bandas","tag-banfield","tag-ddi-lomas-de-zamora","tag-policia","tag-virrey-del-pino","tag-wilde"],"_links":{"self":[{"href":"https:\/\/www.elsindical.com.ar\/notas\/wp-json\/wp\/v2\/posts\/32307","targetHints":{"allow":["GET"]}}],"collection":[{"href":"https:\/\/www.elsindical.com.ar\/notas\/wp-json\/wp\/v2\/posts"}],"about":[{"href":"https:\/\/www.elsindical.com.ar\/notas\/wp-json\/wp\/v2\/types\/post"}],"author":[{"embeddable":true,"href":"https:\/\/www.elsindical.com.ar\/notas\/wp-json\/wp\/v2\/users\/1"}],"replies":[{"embeddable":true,"href":"https:\/\/www.elsindical.com.ar\/notas\/wp-json\/wp\/v2\/comments?post=32307"}],"version-history":[{"count":1,"href":"https:\/\/www.elsindical.com.ar\/notas\/wp-json\/wp\/v2\/posts\/32307\/revisions"}],"predecessor-version":[{"id":32309,"href":"https:\/\/www.elsindical.com.ar\/notas\/wp-json\/wp\/v2\/posts\/32307\/revisions\/32309"}],"wp:attachment":[{"href":"https:\/\/www.elsindical.com.ar\/notas\/wp-json\/wp\/v2\/media?parent=32307"}],"wp:term":[{"taxonomy":"category","embeddable":true,"href":"https:\/\/www.elsindical.com.ar\/notas\/wp-json\/wp\/v2\/categories?post=32307"},{"taxonomy":"post_tag","embeddable":true,"href":"https:\/\/www.elsindical.com.ar\/notas\/wp-json\/wp\/v2\/tags?post=32307"}],"curies":[{"name":"wp","href":"https:\/\/api.w.org\/{rel}","templated":true}]}}