{"id":32304,"date":"2013-02-02T00:11:15","date_gmt":"2013-02-02T03:11:15","guid":{"rendered":"http:\/\/www.elsindical.com.ar\/notas\/?p=32304"},"modified":"2013-02-02T00:11:15","modified_gmt":"2013-02-02T03:11:15","slug":"el-mundo-se-sorprende-ante-la-inedita-reprimenda-del-fmi-a-la-argentina","status":"publish","type":"post","link":"https:\/\/www.elsindical.com.ar\/notas\/el-mundo-se-sorprende-ante-la-inedita-reprimenda-del-fmi-a-la-argentina\/","title":{"rendered":"El mundo se sorprende ante la in\u00e9dita reprimenda del FMI a la Argentina"},"content":{"rendered":"<p style=\"text-align: justify;\"><em><a href=\"http:\/\/www.elsindical.com.ar\/notas\/var\/www\/html\/notas\/wp-content\/uploads\/2013\/02\/sanci\u00f3n-a-la-Argentina.jpg\"><img loading=\"lazy\" decoding=\"async\" class=\"alignleft size-medium wp-image-32305\" alt=\"sanci\u00f3n-a-la-Argentina\" src=\"http:\/\/www.elsindical.com.ar\/notas\/var\/www\/html\/notas\/wp-content\/uploads\/2013\/02\/sanci\u00f3n-a-la-Argentina-300x206.jpg\" width=\"300\" height=\"206\" srcset=\"https:\/\/www.elsindical.com.ar\/notas\/var\/www\/html\/notas\/wp-content\/uploads\/2013\/02\/sanci\u00f3n-a-la-Argentina-300x206.jpg 300w, https:\/\/www.elsindical.com.ar\/notas\/var\/www\/html\/notas\/wp-content\/uploads\/2013\/02\/sanci\u00f3n-a-la-Argentina-436x300.jpg 436w, https:\/\/www.elsindical.com.ar\/notas\/var\/www\/html\/notas\/wp-content\/uploads\/2013\/02\/sanci\u00f3n-a-la-Argentina.jpg 502w\" sizes=\"auto, (max-width: 300px) 100vw, 300px\" \/><\/a>Es la primera vez que el organismo dicta una \u00abmoci\u00f3n de censura\u00bb contra un pa\u00eds y la noticia viaj\u00f3 de Washington a Sydney y de Santiago a Par\u00eds.<strong> <\/strong><\/em><\/p>\n<p style=\"text-align: justify;\">La noticia de que <strong>el FMI sancion\u00f3 a Argentina por las estad\u00edsticas del INDEC<\/strong> tuvo repercusiones en medios de todo el mundo, sobre todo por lo in\u00e9dito de la sanci\u00f3n: se trata de la primera vez que un pa\u00eds recibe una \u00abmoci\u00f3n de censura\u00bb del organismo internacional.<\/p>\n<p style=\"text-align: justify;\"><strong>\u00abArgentina es el primer pa\u00eds que recibe una \u201cmoci\u00f3n de censura\u201d del FMI\u00bb<\/strong>, destac\u00f3 precisamente el diario espa\u00f1ol <em><a href=\"http:\/\/internacional.elpais.com\/internacional\/2013\/02\/01\/actualidad\/1359754403_282383.html\" target=\"_blank\">El Pa\u00eds<\/a><\/em>, quien afirm\u00f3 que es la primera vez que uno de los 188 estados miembros del Fondo es sancionado en los 69 a\u00f1os de historia del organismo.<\/p>\n<p style=\"text-align: justify;\">Lo mismo se\u00f1al\u00f3 la agencia estadounidense <em><a href=\"http:\/\/www.bloomberg.com\/news\/2013-02-01\/argentina-becomes-first-nation-censured-by-imf-on-inflation-data.html\" target=\"_blank\">Bloomberg<\/a><\/em>, que titul\u00f3 \u00abArgentina se convierte en la primera naci\u00f3n censurada por el FMI por sus datos\u00bb. Con un enfoque similar, el brit\u00e1nico <em><a href=\"http:\/\/blogs.ft.com\/beyond-brics\/2013\/02\/01\/argentina-imf-actions-on-inflation\/#ixzz2Jh1lpb68\" target=\"_blank\">Financial Times<\/a><\/em> se\u00f1al\u00f3 que <strong>el \u00abpaso sin precedentes\u00bb puede derivar en una sanci\u00f3n<\/strong>, mayor aunque \u00abnadie espera (todav\u00eda) que eso ocurra\u00bb.<\/p>\n<p style=\"text-align: justify;\">Tambi\u00e9n publicaron la noticia el estadounidense <em><a href=\"http:\/\/www.huffingtonpost.com\/huff-wires\/20130201\/us-imf-argentina\/?utm_hp_ref=politics&amp;ir=politics\" target=\"_blank\">Huffington Post<\/a><\/em>, el econ\u00f3mico <em><a href=\"http:\/\/www.theaustralian.com.au\/business\/breaking-news\/imf-censures-argentina-over-poor-data\/story-e6frg90f-1226567193124\" target=\"_blank\">The Australian<\/a><\/em>, <em><a href=\"http:\/\/www.eltiempo.com\/mundo\/latinoamerica\/fondo-monetaria-internacional-censura-a-argentina_12571227-4\" target=\"_blank\">El Tiempo<\/a><\/em> de Colombia, <em><a href=\"http:\/\/www.lefigaro.fr\/flash-eco\/2013\/02\/01\/97002-20130201FILWWW00680-argentine-le-fmi-pret-a-des-sanctions.php\" target=\"_blank\">Le Figaro<\/a><\/em> de Francia, el brit\u00e1nico <em><a href=\"http:\/\/www.telegraph.co.uk\/finance\/economics\/9843640\/IMF-hits-Argentina-with-first-ever-censure-of-a-country.html\" target=\"_blank\">The Telegraph<\/a><\/em>, la red brasile\u00f1a <em><a href=\"http:\/\/g1.globo.com\/economia\/noticia\/2013\/02\/diretoria-do-fmi-se-reune-para-decidir-proximas-medidas-sobre-a-argentina.html\" target=\"_blank\">O Globo<\/a><\/em> y <em><a href=\"http:\/\/www.latercera.com\/noticia\/negocios\/2013\/02\/655-506981-9-fmi-emite-declaracion-de-censura-contra-argentina-por-dudas-sobre-cifras-de.shtml\" target=\"_blank\">La Tercera<\/a><\/em> de Chile, entre otros.<\/p>\n","protected":false},"excerpt":{"rendered":"<p>Es la primera vez que el organismo dicta una \u00abmoci\u00f3n de censura\u00bb contra un pa\u00eds y la noticia viaj\u00f3 de Washington a Sydney y de Santiago a Par\u00eds. La noticia de que el FMI sancion\u00f3 a Argentina por las estad\u00edsticas del INDEC tuvo repercusiones en medios de todo el mundo, sobre todo por lo in\u00e9dito&hellip;<\/p>\n","protected":false},"author":1,"featured_media":0,"comment_status":"open","ping_status":"open","sticky":false,"template":"","format":"standard","meta":{"footnotes":""},"categories":[18],"tags":[127,4180,6925,2200,4554],"class_list":["post-32304","post","type-post","status-publish","format-standard","hentry","category-internacionales","tag-argentina","tag-el-pais","tag-fmi","tag-indec","tag-sancion"],"_links":{"self":[{"href":"https:\/\/www.elsindical.com.ar\/notas\/wp-json\/wp\/v2\/posts\/32304","targetHints":{"allow":["GET"]}}],"collection":[{"href":"https:\/\/www.elsindical.com.ar\/notas\/wp-json\/wp\/v2\/posts"}],"about":[{"href":"https:\/\/www.elsindical.com.ar\/notas\/wp-json\/wp\/v2\/types\/post"}],"author":[{"embeddable":true,"href":"https:\/\/www.elsindical.com.ar\/notas\/wp-json\/wp\/v2\/users\/1"}],"replies":[{"embeddable":true,"href":"https:\/\/www.elsindical.com.ar\/notas\/wp-json\/wp\/v2\/comments?post=32304"}],"version-history":[{"count":1,"href":"https:\/\/www.elsindical.com.ar\/notas\/wp-json\/wp\/v2\/posts\/32304\/revisions"}],"predecessor-version":[{"id":32306,"href":"https:\/\/www.elsindical.com.ar\/notas\/wp-json\/wp\/v2\/posts\/32304\/revisions\/32306"}],"wp:attachment":[{"href":"https:\/\/www.elsindical.com.ar\/notas\/wp-json\/wp\/v2\/media?parent=32304"}],"wp:term":[{"taxonomy":"category","embeddable":true,"href":"https:\/\/www.elsindical.com.ar\/notas\/wp-json\/wp\/v2\/categories?post=32304"},{"taxonomy":"post_tag","embeddable":true,"href":"https:\/\/www.elsindical.com.ar\/notas\/wp-json\/wp\/v2\/tags?post=32304"}],"curies":[{"name":"wp","href":"https:\/\/api.w.org\/{rel}","templated":true}]}}