{"id":32301,"date":"2013-02-01T23:58:35","date_gmt":"2013-02-02T02:58:35","guid":{"rendered":"http:\/\/www.elsindical.com.ar\/notas\/?p=32301"},"modified":"2013-02-01T23:58:35","modified_gmt":"2013-02-02T02:58:35","slug":"parque-centenarioel-juez-rechazo-la-cautelar-contra-el-vallado-y-seguiran-las-obras","status":"publish","type":"post","link":"https:\/\/www.elsindical.com.ar\/notas\/parque-centenarioel-juez-rechazo-la-cautelar-contra-el-vallado-y-seguiran-las-obras\/","title":{"rendered":"Parque Centenario:El juez rechaz\u00f3 la cautelar contra el vallado y seguir\u00e1n las obras"},"content":{"rendered":"<div style=\"text-align: justify;\">\n<p><em><a href=\"http:\/\/www.elsindical.com.ar\/notas\/var\/www\/html\/notas\/wp-content\/uploads\/2013\/02\/vallado-Parque-Centenario.jpg\"><img loading=\"lazy\" decoding=\"async\" class=\"alignleft size-medium wp-image-32302\" alt=\"vallado-Parque-Centenario\" src=\"http:\/\/www.elsindical.com.ar\/notas\/var\/www\/html\/notas\/wp-content\/uploads\/2013\/02\/vallado-Parque-Centenario-300x206.jpg\" width=\"300\" height=\"206\" srcset=\"https:\/\/www.elsindical.com.ar\/notas\/var\/www\/html\/notas\/wp-content\/uploads\/2013\/02\/vallado-Parque-Centenario-300x206.jpg 300w, https:\/\/www.elsindical.com.ar\/notas\/var\/www\/html\/notas\/wp-content\/uploads\/2013\/02\/vallado-Parque-Centenario-436x300.jpg 436w, https:\/\/www.elsindical.com.ar\/notas\/var\/www\/html\/notas\/wp-content\/uploads\/2013\/02\/vallado-Parque-Centenario.jpg 502w\" sizes=\"auto, (max-width: 300px) 100vw, 300px\" \/><\/a>El magistrado <strong>Osvaldo Otheguy<\/strong> resolvi\u00f3 desestimar la medida que el mi\u00e9rcoles pasado suspendi\u00f3 las obras del gobierno de la Ciudad para efectuar el <strong>vallado<\/strong>, por lo que a partir de ahora se <strong>podr\u00e1 retomar la actividad<\/strong>.<\/em><\/p>\n<p>La medida fue resuelta por el juez en lo Contencioso Administrativo y Tributario <strong>Osvaldo Otheguy<\/strong>, luego de que el mi\u00e9rcoles su colega <strong>Andrea Danas<\/strong> suspendiera las obras por <strong>48 horas<\/strong> al dar lugar a un recurso de amparo presentado por la <strong>Asamblea<\/strong> <strong>vecinal<\/strong>, que se opone al enrejado del predio.<\/p>\n<p>\u00abLo arg\u00fcido por la actora con respecto a la violaci\u00f3n de las competencias de la Comuna 6, con los elementos aportados hasta ahora a la causa, <strong>no se presenta como un probable vicio<\/strong> de la conducta del GCBA\u00bb, se\u00f1ala uno de los p\u00e1rrafos del fundamento del magistrado, seg\u00fan un comunicado del gobierno porte\u00f1o.<\/p>\n<p>En este sentido, el magistrado sostuvo que \u00ab<strong>no se vislumbra con claridad suficiente que el enrejado sea de exclusiva competencia comunal<\/strong>, de conformidad con la norma invocada por los actores (art\u00edculo 10, inciso b) Ley 1777&#8243;.<\/p>\n<p>Asimismo, agreg\u00f3 que \u00abm\u00e1s all\u00e1 de ello, de los mismos t\u00e9rminos de la Resoluci\u00f3n N\u00ba 11\/12 de la Junta Comunal N\u00ba 6 no se desprender\u00eda con claridad una oposici\u00f3n al enrejamiento, puesto que <strong>expresa un acompa\u00f1amiento al GCBA en el mejoramiento del Parque<\/strong>\u00ab.<\/p>\n<p>Por \u00faltimo, aclar\u00f3 que, \u00abrespecto de la probable violaci\u00f3n de la ley N\u00ba 4121, no aparece veros\u00edmil el derecho en tanto en esta etapa del proceso <strong>no se puede llegar a conocer la probable afectaci\u00f3n sufrida por los feriantes en el marco de esa ley<\/strong>, en grado suficiente como para constituir una ilegitimidad\u00bb.<\/p>\n<p>El enrejado del parque que dispuso el gobierno porte\u00f1o desat\u00f3 en los \u00faltimos d\u00edas las <strong>cr\u00edticas de los vecinos y feriantes<\/strong>, quienes realizaron una serie de manifestaciones para oponerse al vallado que finalizaron en <strong>enfrentamientos<\/strong> con la <strong>polic\u00eda<\/strong> <strong>Metropolitana<\/strong>.<\/p>\n<p>Durante la represi\u00f3n policial, m\u00e1s de <strong>20 personas fueron detenidas<\/strong> y se registraron <strong>varios<\/strong> <strong>heridos<\/strong>, entre ellos una <strong>periodista de la TV p\u00fablica<\/strong> que trabajaba en el lugar.<\/p>\n<\/div>\n","protected":false},"excerpt":{"rendered":"<p>El magistrado Osvaldo Otheguy resolvi\u00f3 desestimar la medida que el mi\u00e9rcoles pasado suspendi\u00f3 las obras del gobierno de la Ciudad para efectuar el vallado, por lo que a partir de ahora se podr\u00e1 retomar la actividad. La medida fue resuelta por el juez en lo Contencioso Administrativo y Tributario Osvaldo Otheguy, luego de que el&hellip;<\/p>\n","protected":false},"author":1,"featured_media":0,"comment_status":"open","ping_status":"open","sticky":false,"template":"","format":"standard","meta":{"footnotes":""},"categories":[20],"tags":[15056,15055,15057,2104,775,15054],"class_list":["post-32301","post","type-post","status-publish","format-standard","hentry","category-judiciales","tag-andrea-danas","tag-asamblea-vecinal","tag-comuna-6","tag-gcba","tag-gobierno-porteno","tag-osvaldo-otheguy"],"_links":{"self":[{"href":"https:\/\/www.elsindical.com.ar\/notas\/wp-json\/wp\/v2\/posts\/32301","targetHints":{"allow":["GET"]}}],"collection":[{"href":"https:\/\/www.elsindical.com.ar\/notas\/wp-json\/wp\/v2\/posts"}],"about":[{"href":"https:\/\/www.elsindical.com.ar\/notas\/wp-json\/wp\/v2\/types\/post"}],"author":[{"embeddable":true,"href":"https:\/\/www.elsindical.com.ar\/notas\/wp-json\/wp\/v2\/users\/1"}],"replies":[{"embeddable":true,"href":"https:\/\/www.elsindical.com.ar\/notas\/wp-json\/wp\/v2\/comments?post=32301"}],"version-history":[{"count":1,"href":"https:\/\/www.elsindical.com.ar\/notas\/wp-json\/wp\/v2\/posts\/32301\/revisions"}],"predecessor-version":[{"id":32303,"href":"https:\/\/www.elsindical.com.ar\/notas\/wp-json\/wp\/v2\/posts\/32301\/revisions\/32303"}],"wp:attachment":[{"href":"https:\/\/www.elsindical.com.ar\/notas\/wp-json\/wp\/v2\/media?parent=32301"}],"wp:term":[{"taxonomy":"category","embeddable":true,"href":"https:\/\/www.elsindical.com.ar\/notas\/wp-json\/wp\/v2\/categories?post=32301"},{"taxonomy":"post_tag","embeddable":true,"href":"https:\/\/www.elsindical.com.ar\/notas\/wp-json\/wp\/v2\/tags?post=32301"}],"curies":[{"name":"wp","href":"https:\/\/api.w.org\/{rel}","templated":true}]}}