{"id":32230,"date":"2013-01-30T22:34:31","date_gmt":"2013-01-31T01:34:31","guid":{"rendered":"http:\/\/www.elsindical.com.ar\/notas\/?p=32230"},"modified":"2013-01-30T22:34:31","modified_gmt":"2013-01-31T01:34:31","slug":"caballitola-justicia-freno-el-vallado-del-parque-centenario","status":"publish","type":"post","link":"https:\/\/www.elsindical.com.ar\/notas\/caballitola-justicia-freno-el-vallado-del-parque-centenario\/","title":{"rendered":"Caballito:La Justicia fren\u00f3 el vallado del Parque Centenario"},"content":{"rendered":"<div style=\"text-align: justify;\">\n<p><em><a href=\"http:\/\/www.elsindical.com.ar\/notas\/var\/www\/html\/notas\/wp-content\/uploads\/2013\/01\/asamblea-vecinos-Caballito.jpg\"><img loading=\"lazy\" decoding=\"async\" class=\"alignleft size-medium wp-image-32231\" alt=\"asamblea-vecinos-Caballito\" src=\"http:\/\/www.elsindical.com.ar\/notas\/var\/www\/html\/notas\/wp-content\/uploads\/2013\/01\/asamblea-vecinos-Caballito-300x224.jpg\" width=\"300\" height=\"224\" srcset=\"https:\/\/www.elsindical.com.ar\/notas\/var\/www\/html\/notas\/wp-content\/uploads\/2013\/01\/asamblea-vecinos-Caballito-300x224.jpg 300w, https:\/\/www.elsindical.com.ar\/notas\/var\/www\/html\/notas\/wp-content\/uploads\/2013\/01\/asamblea-vecinos-Caballito-400x300.jpg 400w, https:\/\/www.elsindical.com.ar\/notas\/var\/www\/html\/notas\/wp-content\/uploads\/2013\/01\/asamblea-vecinos-Caballito.jpg 502w\" sizes=\"auto, (max-width: 300px) 100vw, 300px\" \/><\/a>El Juzgado en lo Contencioso N\u00ba 9 hizo lugar a un pedido de <strong>amparo para que se suspendan las obras<\/strong> que intenta llevar adelante el gobierno porte\u00f1o, y que eran resistidas por una parte de los vecinos.<\/em><\/p>\n<p>La Jueza <strong>Andrea Danas<\/strong>, a cargo de ese tribunal, dict\u00f3 en el \u00faltimo d\u00eda de la feria judicial una medida cautelar para que se frene el vallado que la Ciudad dispuso para ese parque, luego de una presentaci\u00f3n en ese sentido que presentaron los vecinos que se oponen al proyecto.<\/p>\n<p>El abogado <strong>Jonatan Baldiviezo<\/strong> explic\u00f3 a la prensa que la magistrada tom\u00f3 esa decisi\u00f3n por la \u00abenvergadura del conflicto\u00bb y argument\u00f3 la <strong>falta de documentaci\u00f3n<\/strong> sobre la licitaci\u00f3n de las obras.<\/p>\n<p>\u00abSe abre una v\u00eda de debate acerca de la pertinencia de esta obra para empezar a discutir esta cuesti\u00f3n filos\u00f3fica de si es la reja la garant\u00eda de la seguridad\u00bb, indic\u00f3 el letrado.<\/p>\n<p>Baldiviezo dijo que, pese a la decisi\u00f3n de resoluci\u00f3n judicial, el vallado continuaba en horas de la tarde, pero desde el gobierno porte\u00f1o aclararon que hab\u00edan sido notificados del amparo y lo que se segu\u00eda llevando a cabo eran las obras dentro del parque.<\/p>\n<p>Una parte de los vecinos del barrio de Caballito se oponen a la medida y reprochan a la Ciudad haber avanzado en el proyecto sin consultar a la comuna.<\/p>\n<p>El desalojo de los <strong>feriantes<\/strong> que ocupaban el lugar por parte de la<strong> Polic\u00eda Metropolitana<\/strong> provoc\u00f3 choques y detenciones en los \u00faltimos d\u00edas.<\/p>\n<p>Danas otorg\u00f3 dos d\u00edas para que el gobierno porte\u00f1o resuelva los cuestionamientos de la asamblea y presente los documentos requeridos. La causa seguir\u00e1 en manos del Juzgado N\u00b010 una vez que culmine la feria.<\/p>\n<\/div>\n","protected":false},"excerpt":{"rendered":"<p>El Juzgado en lo Contencioso N\u00ba 9 hizo lugar a un pedido de amparo para que se suspendan las obras que intenta llevar adelante el gobierno porte\u00f1o, y que eran resistidas por una parte de los vecinos. La Jueza Andrea Danas, a cargo de ese tribunal, dict\u00f3 en el \u00faltimo d\u00eda de la feria judicial&hellip;<\/p>\n","protected":false},"author":1,"featured_media":0,"comment_status":"open","ping_status":"open","sticky":false,"template":"","format":"standard","meta":{"footnotes":""},"categories":[20],"tags":[400,15012,15011,15009,15010],"class_list":["post-32230","post","type-post","status-publish","format-standard","hentry","category-judiciales","tag-caballito","tag-jonatan-baldiviezo","tag-jueza-andrea-danas","tag-juzgado-contencioso-no-9","tag-parque-cetenario"],"_links":{"self":[{"href":"https:\/\/www.elsindical.com.ar\/notas\/wp-json\/wp\/v2\/posts\/32230","targetHints":{"allow":["GET"]}}],"collection":[{"href":"https:\/\/www.elsindical.com.ar\/notas\/wp-json\/wp\/v2\/posts"}],"about":[{"href":"https:\/\/www.elsindical.com.ar\/notas\/wp-json\/wp\/v2\/types\/post"}],"author":[{"embeddable":true,"href":"https:\/\/www.elsindical.com.ar\/notas\/wp-json\/wp\/v2\/users\/1"}],"replies":[{"embeddable":true,"href":"https:\/\/www.elsindical.com.ar\/notas\/wp-json\/wp\/v2\/comments?post=32230"}],"version-history":[{"count":2,"href":"https:\/\/www.elsindical.com.ar\/notas\/wp-json\/wp\/v2\/posts\/32230\/revisions"}],"predecessor-version":[{"id":32233,"href":"https:\/\/www.elsindical.com.ar\/notas\/wp-json\/wp\/v2\/posts\/32230\/revisions\/32233"}],"wp:attachment":[{"href":"https:\/\/www.elsindical.com.ar\/notas\/wp-json\/wp\/v2\/media?parent=32230"}],"wp:term":[{"taxonomy":"category","embeddable":true,"href":"https:\/\/www.elsindical.com.ar\/notas\/wp-json\/wp\/v2\/categories?post=32230"},{"taxonomy":"post_tag","embeddable":true,"href":"https:\/\/www.elsindical.com.ar\/notas\/wp-json\/wp\/v2\/tags?post=32230"}],"curies":[{"name":"wp","href":"https:\/\/api.w.org\/{rel}","templated":true}]}}