{"id":32102,"date":"2013-01-25T16:01:09","date_gmt":"2013-01-25T19:01:09","guid":{"rendered":"http:\/\/www.elsindical.com.ar\/notas\/?p=32102"},"modified":"2013-01-25T16:01:09","modified_gmt":"2013-01-25T19:01:09","slug":"lomas-de-zamoradetienen-a-una-banda-integrada-por-un-policia-federal-y-un-ex-prefecto-usan-una-ametralladora","status":"publish","type":"post","link":"https:\/\/www.elsindical.com.ar\/notas\/lomas-de-zamoradetienen-a-una-banda-integrada-por-un-policia-federal-y-un-ex-prefecto-usan-una-ametralladora\/","title":{"rendered":"Lomas de Zamora:Detienen a una banda integrada por un polic\u00eda federal y un ex prefecto, usan una ametralladora"},"content":{"rendered":"<p style=\"text-align: justify;\"><em><a href=\"http:\/\/www.elsindical.com.ar\/notas\/var\/www\/html\/notas\/wp-content\/uploads\/2013\/01\/delegaci\u00f3n-Campana-PFA.jpg\"><img loading=\"lazy\" decoding=\"async\" class=\"alignleft size-medium wp-image-32103\" alt=\"delegaci\u00f3n-Campana-PFA\" src=\"http:\/\/www.elsindical.com.ar\/notas\/var\/www\/html\/notas\/wp-content\/uploads\/2013\/01\/delegaci\u00f3n-Campana-PFA-300x217.jpg\" width=\"300\" height=\"217\" srcset=\"https:\/\/www.elsindical.com.ar\/notas\/var\/www\/html\/notas\/wp-content\/uploads\/2013\/01\/delegaci\u00f3n-Campana-PFA-300x217.jpg 300w, https:\/\/www.elsindical.com.ar\/notas\/var\/www\/html\/notas\/wp-content\/uploads\/2013\/01\/delegaci\u00f3n-Campana-PFA.jpg 413w\" sizes=\"auto, (max-width: 300px) 100vw, 300px\" \/><\/a>Los agendes de las fuerzas de seguridad fueron dado de baja tras ser apresados mientras circulaban por el municipio de Lomas de Zamora.<\/em><\/p>\n<p style=\"text-align: justify;\"><b>Tres delincuentes<\/b> fueron detenidos en las \u00faltimas en el barrio San Jos\u00e9 del partido bonaerense de <b>Lomas de Zamora<\/b> con poderosas armas y un autom\u00f3vil que ten\u00eda pedido de captura. Pero la particularidad es que dos de los apresados son un <b>cabo de la Polic\u00eda Federal<\/b> que ya fue dado de baja y <b>un ex miembro de la Prefectura Naval.<\/b><\/p>\n<p>Fuentes policiales revelaron que los sujetos se trasladaban este jueves en un Volkswagen Golf por la Avenida Caaguaz\u00fa cuando un m\u00f3vil de la Seccional Lomas 6ta de la <b>Polic\u00eda Bonaerense sospech\u00f3 que algo extra\u00f1o ten\u00eda la patente y no correspond\u00eda al rodado.<\/b><\/p>\n<p>Los uniformados pidieron apoyo a la comisar\u00eda y lo interceptaron en esa misma avenida al 500 para luego hacer bajar a los ocupantes.<\/p>\n<p>Al momento de la requisa, se les secuestraron <b>tres pistolas calibre 9 mil\u00edmetros y una ametralladora<\/b>, pero cuando fueron identificados los tres delincuentes, se constat\u00f3 que uno de ellos era un cabo de la Polic\u00eda Federal que prestaba servicios en la Delegaci\u00f3n Campana (foto), el otro un exprefecto y el restante un civil.<\/p>\n<p>Los investigadores remarcaron que la Bonaerense constat\u00f3 que<b> la ametralladora pertenec\u00eda a la Delegaci\u00f3n Campana de la Federal<\/b>, de donde la hab\u00eda robado este uniformado, mientras que una de las pistolas era el arma reglamentaria del ahora exefectivo.<\/p>\n<p>Seg\u00fan informaron, los tres detenidos, al bajar del rodado, gritaban <b>\u00abno tiren, no tiren, que somos polic\u00edas\u00bb.<br \/>\n<\/b><br \/>\nAl enterarse de la detenci\u00f3n del uniformado, <b>el Jefe de la Federal, Comisario General Rom\u00e1n Di Santo, dispuso en forma autom\u00e1tica la baja de la fuerza.<\/b><\/p>\n<p>El autom\u00f3vil en el que se trasladaban los tres sujetos hab\u00eda sido robado el jueves por la ma\u00f1ana en la localidad platense de Villa Elisa y se sospecha que los detenidos <b>se dispon\u00edan a cometer una \u00abentradera\u00bb en la zona.<br \/>\n<\/b><br \/>\n\u00abPor el horario y el armamento que ten\u00edan estamos casi seguro que estaban por cometer alg\u00fan il\u00edcito en la zona, pero afortunadamente fueron interceptados por los polic\u00edas de la seccional 6ta\u00bb, indic\u00f3 el jefe de la Distrital Lomas Sur, Comisario Inspector\u00a0<b>Leonardo Rodr\u00edguez<\/b>, en declaraciones.<\/p>\n<p>Los tres detenidos quedaron a disposici\u00f3n de la Justicia y en las pr\u00f3ximas horas ser\u00e1n indagados.<\/p>\n","protected":false},"excerpt":{"rendered":"<p>Los agendes de las fuerzas de seguridad fueron dado de baja tras ser apresados mientras circulaban por el municipio de Lomas de Zamora. Tres delincuentes fueron detenidos en las \u00faltimas en el barrio San Jos\u00e9 del partido bonaerense de Lomas de Zamora con poderosas armas y un autom\u00f3vil que ten\u00eda pedido de captura. Pero la&hellip;<\/p>\n","protected":false},"author":1,"featured_media":0,"comment_status":"open","ping_status":"open","sticky":false,"template":"","format":"standard","meta":{"footnotes":""},"categories":[22],"tags":[716,705,14954,581,744,1688,749,502,12977,1904],"class_list":["post-32102","post","type-post","status-publish","format-standard","hentry","category-policiales","tag-ametralladora","tag-cabo","tag-delegacion-campana","tag-delincuentes","tag-lomas-de-zamora","tag-pistolas","tag-policia-bonaerense","tag-policia-federal-argentina","tag-prefectura-naval","tag-san-jose"],"_links":{"self":[{"href":"https:\/\/www.elsindical.com.ar\/notas\/wp-json\/wp\/v2\/posts\/32102","targetHints":{"allow":["GET"]}}],"collection":[{"href":"https:\/\/www.elsindical.com.ar\/notas\/wp-json\/wp\/v2\/posts"}],"about":[{"href":"https:\/\/www.elsindical.com.ar\/notas\/wp-json\/wp\/v2\/types\/post"}],"author":[{"embeddable":true,"href":"https:\/\/www.elsindical.com.ar\/notas\/wp-json\/wp\/v2\/users\/1"}],"replies":[{"embeddable":true,"href":"https:\/\/www.elsindical.com.ar\/notas\/wp-json\/wp\/v2\/comments?post=32102"}],"version-history":[{"count":1,"href":"https:\/\/www.elsindical.com.ar\/notas\/wp-json\/wp\/v2\/posts\/32102\/revisions"}],"predecessor-version":[{"id":32104,"href":"https:\/\/www.elsindical.com.ar\/notas\/wp-json\/wp\/v2\/posts\/32102\/revisions\/32104"}],"wp:attachment":[{"href":"https:\/\/www.elsindical.com.ar\/notas\/wp-json\/wp\/v2\/media?parent=32102"}],"wp:term":[{"taxonomy":"category","embeddable":true,"href":"https:\/\/www.elsindical.com.ar\/notas\/wp-json\/wp\/v2\/categories?post=32102"},{"taxonomy":"post_tag","embeddable":true,"href":"https:\/\/www.elsindical.com.ar\/notas\/wp-json\/wp\/v2\/tags?post=32102"}],"curies":[{"name":"wp","href":"https:\/\/api.w.org\/{rel}","templated":true}]}}