{"id":32099,"date":"2013-01-25T15:42:04","date_gmt":"2013-01-25T18:42:04","guid":{"rendered":"http:\/\/www.elsindical.com.ar\/notas\/?p=32099"},"modified":"2013-01-25T15:42:04","modified_gmt":"2013-01-25T18:42:04","slug":"murio-adolescente-baleada-en-el-bajo-flores","status":"publish","type":"post","link":"https:\/\/www.elsindical.com.ar\/notas\/murio-adolescente-baleada-en-el-bajo-flores\/","title":{"rendered":"Muri\u00f3 adolescente baleada en el Bajo Flores"},"content":{"rendered":"<p style=\"text-align: justify;\"><em><a href=\"http:\/\/www.elsindical.com.ar\/notas\/var\/www\/html\/notas\/wp-content\/uploads\/2011\/08\/disparo-rev\u00f3lver.jpg\"><img loading=\"lazy\" decoding=\"async\" class=\"alignleft size-medium wp-image-16192\" alt=\"disparo-rev\u00f3lver\" src=\"http:\/\/www.elsindical.com.ar\/notas\/var\/www\/html\/notas\/wp-content\/uploads\/2011\/08\/disparo-rev\u00f3lver-300x248.jpg\" width=\"300\" height=\"248\" srcset=\"https:\/\/www.elsindical.com.ar\/notas\/var\/www\/html\/notas\/wp-content\/uploads\/2011\/08\/disparo-rev\u00f3lver-300x248.jpg 300w, https:\/\/www.elsindical.com.ar\/notas\/var\/www\/html\/notas\/wp-content\/uploads\/2011\/08\/disparo-rev\u00f3lver.jpg 413w\" sizes=\"auto, (max-width: 300px) 100vw, 300px\" \/><\/a>Florencia, de 16 a\u00f1os, caminaba junto a su novio y qued\u00f3 en el medio de una pelea entre dos hombres. Ten\u00eda p\u00e9rdida de masa encef\u00e1lica.<\/em><\/p>\n<p style=\"text-align: justify;\">La adolescente de 16 a\u00f1os que hab\u00eda recibido un disparo en la cabeza cuando caminaba junto a su novio por el barrio porte\u00f1o del Bajo Flores muri\u00f3 este viernes luego de estar varios d\u00edas internada.<\/p>\n<p style=\"text-align: justify;\">Florencia hab\u00eda recibido el tiro al quedar en medio de una discusi\u00f3n que manten\u00edan dos hombres ubicados a unos metros de ella y su novio.<\/p>\n","protected":false},"excerpt":{"rendered":"<p>Florencia, de 16 a\u00f1os, caminaba junto a su novio y qued\u00f3 en el medio de una pelea entre dos hombres. Ten\u00eda p\u00e9rdida de masa encef\u00e1lica. La adolescente de 16 a\u00f1os que hab\u00eda recibido un disparo en la cabeza cuando caminaba junto a su novio por el barrio porte\u00f1o del Bajo Flores muri\u00f3 este viernes luego&hellip;<\/p>\n","protected":false},"author":1,"featured_media":0,"comment_status":"open","ping_status":"open","sticky":false,"template":"","format":"standard","meta":{"footnotes":""},"categories":[22],"tags":[3452,388,14953,10775],"class_list":["post-32099","post","type-post","status-publish","format-standard","hentry","category-policiales","tag-bajo-flores","tag-disparo","tag-florencia","tag-masa-encefalica"],"_links":{"self":[{"href":"https:\/\/www.elsindical.com.ar\/notas\/wp-json\/wp\/v2\/posts\/32099","targetHints":{"allow":["GET"]}}],"collection":[{"href":"https:\/\/www.elsindical.com.ar\/notas\/wp-json\/wp\/v2\/posts"}],"about":[{"href":"https:\/\/www.elsindical.com.ar\/notas\/wp-json\/wp\/v2\/types\/post"}],"author":[{"embeddable":true,"href":"https:\/\/www.elsindical.com.ar\/notas\/wp-json\/wp\/v2\/users\/1"}],"replies":[{"embeddable":true,"href":"https:\/\/www.elsindical.com.ar\/notas\/wp-json\/wp\/v2\/comments?post=32099"}],"version-history":[{"count":2,"href":"https:\/\/www.elsindical.com.ar\/notas\/wp-json\/wp\/v2\/posts\/32099\/revisions"}],"predecessor-version":[{"id":32101,"href":"https:\/\/www.elsindical.com.ar\/notas\/wp-json\/wp\/v2\/posts\/32099\/revisions\/32101"}],"wp:attachment":[{"href":"https:\/\/www.elsindical.com.ar\/notas\/wp-json\/wp\/v2\/media?parent=32099"}],"wp:term":[{"taxonomy":"category","embeddable":true,"href":"https:\/\/www.elsindical.com.ar\/notas\/wp-json\/wp\/v2\/categories?post=32099"},{"taxonomy":"post_tag","embeddable":true,"href":"https:\/\/www.elsindical.com.ar\/notas\/wp-json\/wp\/v2\/tags?post=32099"}],"curies":[{"name":"wp","href":"https:\/\/api.w.org\/{rel}","templated":true}]}}