{"id":32086,"date":"2013-01-25T08:46:54","date_gmt":"2013-01-25T11:46:54","guid":{"rendered":"http:\/\/www.elsindical.com.ar\/notas\/?p=32086"},"modified":"2013-01-25T08:46:54","modified_gmt":"2013-01-25T11:46:54","slug":"quilmesfuncionario-porteno-choca-y-se-mata-en-bernal","status":"publish","type":"post","link":"https:\/\/www.elsindical.com.ar\/notas\/quilmesfuncionario-porteno-choca-y-se-mata-en-bernal\/","title":{"rendered":"Quilmes:Funcionario porte\u00f1o, choca y se mata en Bernal"},"content":{"rendered":"<p style=\"text-align: justify;\"><em><a href=\"http:\/\/www.elsindical.com.ar\/notas\/var\/www\/html\/notas\/wp-content\/uploads\/2013\/01\/auto-chocado-Leandro-Zunni.jpg\"><img loading=\"lazy\" decoding=\"async\" class=\"alignleft size-medium wp-image-32087\" alt=\"auto-chocado-Leandro-Zunni\" src=\"http:\/\/www.elsindical.com.ar\/notas\/var\/www\/html\/notas\/wp-content\/uploads\/2013\/01\/auto-chocado-Leandro-Zunni-300x199.jpg\" width=\"300\" height=\"199\" srcset=\"https:\/\/www.elsindical.com.ar\/notas\/var\/www\/html\/notas\/wp-content\/uploads\/2013\/01\/auto-chocado-Leandro-Zunni-300x199.jpg 300w, https:\/\/www.elsindical.com.ar\/notas\/var\/www\/html\/notas\/wp-content\/uploads\/2013\/01\/auto-chocado-Leandro-Zunni-450x300.jpg 450w, https:\/\/www.elsindical.com.ar\/notas\/var\/www\/html\/notas\/wp-content\/uploads\/2013\/01\/auto-chocado-Leandro-Zunni.jpg 502w\" sizes=\"auto, (max-width: 300px) 100vw, 300px\" \/><\/a>La v\u00edctima de 33 a\u00f1os falleci\u00f3 esta madrugada tras perder el control de su veh\u00edculo e impactar contra una vivienda; su acompa\u00f1ante debi\u00f3 ser trasladada en estado cr\u00edtico al hospital de Quilmes; ayer, hubo 18 muertos en accidentes de tr\u00e1nsito.<\/em><\/p>\n<p style=\"text-align: justify;\">Un auditor externo del Ministerio de Justicia y Seguridad porte\u00f1o muri\u00f3 esta madrugada al estrellarse contra una casa el auto que conduc\u00eda por la localidad bonaerense de Bernal, partido de Quilmes, donde su acompa\u00f1ante result\u00f3 gravemente herida.<\/p>\n<p style=\"text-align: justify;\">Bomberos Voluntarios de Bernal y fuentes del Gobierno de la Ciudad informaron a DyN que el Toyota Corolla en el que viajaban Leandro Zunni y su cu\u00f1ada choc\u00f3 a dos veh\u00edculos, caus\u00f3 da\u00f1os en dos viviendas y termin\u00f3 incrustado contra otra propiedad.<\/p>\n<p style=\"text-align: justify;\">El accidente se produjo pocos minutos despu\u00e9s de la medianoche en la esquina de las calles Bermejo y Falucho, a la salida del acceso sudeste para Bernal, donde un Toyota Corolla embisti\u00f3 a dos autos, da\u00f1\u00f3 el frente de dos casas y se incrust\u00f3 en otra vivienda.<\/p>\n<p style=\"text-align: justify;\">\u00abEst\u00e1bamos durmiendo y sentimos una explosi\u00f3n\u00bb, dijo el due\u00f1o de la propiedad, quien cont\u00f3 a la prensa que la mujer que acompa\u00f1aba a Zunni, identificada por la Polic\u00eda como Gisela Soria, sufri\u00f3 graves heridas en el rostro.<\/p>\n<p style=\"text-align: justify;\">Seg\u00fan los bomberos, el hombre muri\u00f3 en forma instant\u00e1nea, mientras que su acompa\u00f1ante fue trasladada al Hospital de Quilmes, donde permanec\u00eda en estado reservado.<\/p>\n<p style=\"text-align: justify;\">Zunni era oriundo de Quilmes y se desempe\u00f1aba como gerente operativo de Investigaciones Administrativas de la Auditor\u00eda Externa Policial, que controla el funcionamiento de la Polic\u00eda Metropolitana y depende del ministerio que encabeza Guillermo Montenegro.<\/p>\n<p style=\"text-align: justify;\"><a href=\"http:\/\/www.elsindical.com.ar\/notas\/var\/www\/html\/notas\/wp-content\/uploads\/2013\/01\/Leandro-Zunni.jpg\"><img loading=\"lazy\" decoding=\"async\" class=\"alignleft size-medium wp-image-32088\" alt=\"Leandro-Zunni\" src=\"http:\/\/www.elsindical.com.ar\/notas\/var\/www\/html\/notas\/wp-content\/uploads\/2013\/01\/Leandro-Zunni-300x251.jpg\" width=\"300\" height=\"251\" srcset=\"https:\/\/www.elsindical.com.ar\/notas\/var\/www\/html\/notas\/wp-content\/uploads\/2013\/01\/Leandro-Zunni-300x251.jpg 300w, https:\/\/www.elsindical.com.ar\/notas\/var\/www\/html\/notas\/wp-content\/uploads\/2013\/01\/Leandro-Zunni.jpg 325w\" sizes=\"auto, (max-width: 300px) 100vw, 300px\" \/><\/a><\/p>\n","protected":false},"excerpt":{"rendered":"<p>La v\u00edctima de 33 a\u00f1os falleci\u00f3 esta madrugada tras perder el control de su veh\u00edculo e impactar contra una vivienda; su acompa\u00f1ante debi\u00f3 ser trasladada en estado cr\u00edtico al hospital de Quilmes; ayer, hubo 18 muertos en accidentes de tr\u00e1nsito. Un auditor externo del Ministerio de Justicia y Seguridad porte\u00f1o muri\u00f3 esta madrugada al estrellarse&hellip;<\/p>\n","protected":false},"author":1,"featured_media":0,"comment_status":"open","ping_status":"open","sticky":false,"template":"","format":"standard","meta":{"footnotes":""},"categories":[22],"tags":[683,14946,14945,5470,684],"class_list":["post-32086","post","type-post","status-publish","format-standard","hentry","category-policiales","tag-bernal","tag-gisela-soria","tag-leandro-joaquin-zunni","tag-ministerio-de-justicia-y-seguridad","tag-quilmes"],"_links":{"self":[{"href":"https:\/\/www.elsindical.com.ar\/notas\/wp-json\/wp\/v2\/posts\/32086","targetHints":{"allow":["GET"]}}],"collection":[{"href":"https:\/\/www.elsindical.com.ar\/notas\/wp-json\/wp\/v2\/posts"}],"about":[{"href":"https:\/\/www.elsindical.com.ar\/notas\/wp-json\/wp\/v2\/types\/post"}],"author":[{"embeddable":true,"href":"https:\/\/www.elsindical.com.ar\/notas\/wp-json\/wp\/v2\/users\/1"}],"replies":[{"embeddable":true,"href":"https:\/\/www.elsindical.com.ar\/notas\/wp-json\/wp\/v2\/comments?post=32086"}],"version-history":[{"count":2,"href":"https:\/\/www.elsindical.com.ar\/notas\/wp-json\/wp\/v2\/posts\/32086\/revisions"}],"predecessor-version":[{"id":32090,"href":"https:\/\/www.elsindical.com.ar\/notas\/wp-json\/wp\/v2\/posts\/32086\/revisions\/32090"}],"wp:attachment":[{"href":"https:\/\/www.elsindical.com.ar\/notas\/wp-json\/wp\/v2\/media?parent=32086"}],"wp:term":[{"taxonomy":"category","embeddable":true,"href":"https:\/\/www.elsindical.com.ar\/notas\/wp-json\/wp\/v2\/categories?post=32086"},{"taxonomy":"post_tag","embeddable":true,"href":"https:\/\/www.elsindical.com.ar\/notas\/wp-json\/wp\/v2\/tags?post=32086"}],"curies":[{"name":"wp","href":"https:\/\/api.w.org\/{rel}","templated":true}]}}