{"id":31990,"date":"2013-01-22T12:24:03","date_gmt":"2013-01-22T15:24:03","guid":{"rendered":"http:\/\/www.elsindical.com.ar\/notas\/?p=31990"},"modified":"2013-01-22T12:25:16","modified_gmt":"2013-01-22T15:25:16","slug":"espanasuspenden-seis-meses-a-los-policias-que-se-grabaron-haciendo-gestos-obscenos","status":"publish","type":"post","link":"https:\/\/www.elsindical.com.ar\/notas\/espanasuspenden-seis-meses-a-los-policias-que-se-grabaron-haciendo-gestos-obscenos\/","title":{"rendered":"Espa\u00f1a:Suspenden seis meses a los polic\u00edas que se grabaron haciendo gestos obscenos"},"content":{"rendered":"<p style=\"text-align: justify;\"><em><img loading=\"lazy\" decoding=\"async\" class=\"alignleft size-medium wp-image-31991\" alt=\"polic\u00edas-de-Barcelona-sancionados\" src=\"http:\/\/www.elsindical.com.ar\/notas\/var\/www\/html\/notas\/wp-content\/uploads\/2013\/01\/polic\u00edas-de-Barcelona-sancionados-300x182.jpg\" width=\"300\" height=\"182\" srcset=\"https:\/\/www.elsindical.com.ar\/notas\/var\/www\/html\/notas\/wp-content\/uploads\/2013\/01\/polic\u00edas-de-Barcelona-sancionados-300x182.jpg 300w, https:\/\/www.elsindical.com.ar\/notas\/var\/www\/html\/notas\/wp-content\/uploads\/2013\/01\/polic\u00edas-de-Barcelona-sancionados-492x300.jpg 492w, https:\/\/www.elsindical.com.ar\/notas\/var\/www\/html\/notas\/wp-content\/uploads\/2013\/01\/polic\u00edas-de-Barcelona-sancionados.jpg 502w\" sizes=\"auto, (max-width: 300px) 100vw, 300px\" \/>Los dos agentes se filmaron en el interior de un patrullero que circulaba de manera temeraria, ya que los agentes se tapaban la cara mientras conduc\u00edan, adem\u00e1s de realizar actos obscenos, y el v\u00eddeo tuvo una amplia repercusi\u00f3n en las redes sociales. Vea las pol\u00e9micas im\u00e1genes que circualn en las redes sociales.<\/em><\/p>\n<p style=\"text-align: justify;\">El Ayuntamiento de Cerdanyola del Vall\u00e8s (Barcelona) ha suspendido seis meses de empleo y sueldo a los dos agentes de la Polic\u00eda Local que se grabaron en el coche patrulla bailando y conduciendo de forma temeraria, un v\u00eddeo que se colg\u00f3 en Youtube y que tuvo decenas de miles de visitas.<\/p>\n<p>BARCELONA. Los agentes llevan suspendidos de sueldo y apartados del servicio desde que se descubri\u00f3 el v\u00eddeo a principios de octubre, a la espera de que se resolviera el expediente disciplinario, seg\u00fan ha informado el consistorio. La resoluci\u00f3n del expediente disciplinario no es firme en v\u00eda administrativa y los dos polic\u00edas todav\u00eda pueden recurrirla.<\/p>\n<p>El v\u00eddeo se public\u00f3 en Youtube en octubre y en \u00e9l se pod\u00eda ver a los dos agentes conduciendo el coche patrulla mientras parodiaban im\u00e1genes del videoclip del grupo de m\u00fasica ruso Serebro con el tema &#8216;Mama Luba&#8217;. El Gobierno local ha reiterado su \u00abm\u00e1xima confianza y absoluta en el trabajo que hacen diariamente las 70 personas que integran la plantilla de la Polic\u00eda Local, un trabajo muy apreciado por la poblaci\u00f3n de la ciudad\u00bb.<\/p>\n<p>El v\u00eddeo, que duraba unos tres minutos, fue colgado con una cr\u00edtica a la conducta de estos agentes, que aparecen conduciendo con los ojos cerrados, sin coger el volante, bailando, sacando la cabeza por la ventana y haciendo gestos obscenos.<\/p>\n<p>La persona que colg\u00f3 el v\u00eddeo lo titul\u00f3 de este modo &#8216;PL de Cerdanyola trabajando y con la que esta cayendo&#8217; y a\u00f1adi\u00f3 el siguiente comentario: \u00abComo vivimos en el pa\u00eds de la pandereta, tenemos estos trabajos donde podemos hacer lo que queramos!!!!\u00bb.<iframe loading=\"lazy\" src=\"http:\/\/www.youtube.com\/embed\/YMnBqHOrFEY\" height=\"315\" width=\"560\" allowfullscreen=\"\" frameborder=\"0\"><\/iframe><\/p>\n","protected":false},"excerpt":{"rendered":"<p>Los dos agentes se filmaron en el interior de un patrullero que circulaba de manera temeraria, ya que los agentes se tapaban la cara mientras conduc\u00edan, adem\u00e1s de realizar actos obscenos, y el v\u00eddeo tuvo una amplia repercusi\u00f3n en las redes sociales. Vea las pol\u00e9micas im\u00e1genes que circualn en las redes sociales. El Ayuntamiento de&hellip;<\/p>\n","protected":false},"author":1,"featured_media":0,"comment_status":"open","ping_status":"open","sticky":false,"template":"","format":"standard","meta":{"footnotes":""},"categories":[18],"tags":[9557,14888,118,368,1792],"class_list":["post-31990","post","type-post","status-publish","format-standard","hentry","category-internacionales","tag-barcelona","tag-cerdanyola-del-valles","tag-policias","tag-video","tag-youtube"],"_links":{"self":[{"href":"https:\/\/www.elsindical.com.ar\/notas\/wp-json\/wp\/v2\/posts\/31990","targetHints":{"allow":["GET"]}}],"collection":[{"href":"https:\/\/www.elsindical.com.ar\/notas\/wp-json\/wp\/v2\/posts"}],"about":[{"href":"https:\/\/www.elsindical.com.ar\/notas\/wp-json\/wp\/v2\/types\/post"}],"author":[{"embeddable":true,"href":"https:\/\/www.elsindical.com.ar\/notas\/wp-json\/wp\/v2\/users\/1"}],"replies":[{"embeddable":true,"href":"https:\/\/www.elsindical.com.ar\/notas\/wp-json\/wp\/v2\/comments?post=31990"}],"version-history":[{"count":3,"href":"https:\/\/www.elsindical.com.ar\/notas\/wp-json\/wp\/v2\/posts\/31990\/revisions"}],"predecessor-version":[{"id":31994,"href":"https:\/\/www.elsindical.com.ar\/notas\/wp-json\/wp\/v2\/posts\/31990\/revisions\/31994"}],"wp:attachment":[{"href":"https:\/\/www.elsindical.com.ar\/notas\/wp-json\/wp\/v2\/media?parent=31990"}],"wp:term":[{"taxonomy":"category","embeddable":true,"href":"https:\/\/www.elsindical.com.ar\/notas\/wp-json\/wp\/v2\/categories?post=31990"},{"taxonomy":"post_tag","embeddable":true,"href":"https:\/\/www.elsindical.com.ar\/notas\/wp-json\/wp\/v2\/tags?post=31990"}],"curies":[{"name":"wp","href":"https:\/\/api.w.org\/{rel}","templated":true}]}}