{"id":3196,"date":"2010-01-29T00:43:59","date_gmt":"2010-01-29T03:43:59","guid":{"rendered":"http:\/\/www.elsindical.com.ar\/notas\/?p=3196"},"modified":"2010-01-29T15:01:13","modified_gmt":"2010-01-29T18:01:13","slug":"paternal-reclamo-a-las-autoridades-politicas-judiciales-y-policiales-por-las-violaciones","status":"publish","type":"post","link":"https:\/\/www.elsindical.com.ar\/notas\/paternal-reclamo-a-las-autoridades-politicas-judiciales-y-policiales-por-las-violaciones\/","title":{"rendered":"Paternal reclamo a las autoridades pol\u00edticas, judiciales y policiales por las violaciones"},"content":{"rendered":"<p style=\"text-align: justify;\"><a href=\"http:\/\/www.elsindical.com.ar\/notas\/var\/www\/html\/notas\/wp-content\/uploads\/2010\/01\/protesta-vecinos-Paternal-01.jpg\"><img loading=\"lazy\" decoding=\"async\" class=\"alignleft size-full wp-image-3198\" title=\"protesta-vecinos-Paternal-0\" src=\"http:\/\/www.elsindical.com.ar\/notas\/var\/www\/html\/notas\/wp-content\/uploads\/2010\/01\/protesta-vecinos-Paternal-01.jpg\" alt=\"\" width=\"443\" height=\"273\" srcset=\"https:\/\/www.elsindical.com.ar\/notas\/var\/www\/html\/notas\/wp-content\/uploads\/2010\/01\/protesta-vecinos-Paternal-01.jpg 443w, https:\/\/www.elsindical.com.ar\/notas\/var\/www\/html\/notas\/wp-content\/uploads\/2010\/01\/protesta-vecinos-Paternal-01-300x184.jpg 300w\" sizes=\"auto, (max-width: 443px) 100vw, 443px\" \/><\/a>\u00a0<\/p>\n<p style=\"text-align: justify;\">\u00a0<a href=\"http:\/\/www.elsindical.com.ar\/notas\/var\/www\/html\/notas\/wp-content\/uploads\/2010\/01\/protesta-vecinos-Paternal-0.jpg\"><\/a>Esta tarde pasadas las 19:00 hs. los vecinos del barrio de La Paternal se hicieron o\u00edr, juntos en la intersecci\u00f3n de las Avenidas San Mart\u00edn y Donato \u00c1lvarez realizaron un breve corte de calle para exponer sus reclamos y organizarse ante los reiterados ataques de un violador, que podr\u00eda estar siendo imitado por otro delincuente.<\/p>\n<p style=\"text-align: justify;\">Los vecinos del barrio de La Paternal no solo est\u00e1n enojados, sino que adem\u00e1s los supera el miedo y la impotencia. Miedo por un hombre -rapado y de casi\u00a030 a\u00f1os, seg\u00fan describieron tres de sus v\u00edctimas (que se animaron a realizar la denuncia)-, que irrumpe en la zona y deambula armado en busca de su pr\u00f3xima v\u00edctima sexual.<\/p>\n<p>Ya tendr\u00eda en su haber\u00a0varios abusos sexuales de j\u00f3venes de la zona, quienes dieron la misma descripci\u00f3n f\u00edsica del atacante y coincidieron en su <em>modus operandi. <\/em>Los hechos, que est\u00e1n siendo investigados por la Justicia, empezaron en\u00a0diciembre de 2009 y no pararon.<\/p>\n<p>A esos se les suman dos intentos de violaci\u00f3n frustrados durante el fin de semana pasado, que fue lo que llev\u00f3 a que cientos de vecinos de La Paternal protestaran frente a la comisar\u00eda 29 de Chacarita, en reclamo de mayores medidas de seguridad en la zona y en la detenci\u00f3n inmediata del supuesto atacante.<\/p>\n<p>Para los vecinos, los casos cometidos por este hombre podr\u00edan ser entre diez o doce denunciados, pero fuentes del hospital \u00c1lvarez como ya informaramos mencionan unas 20 posibles v\u00edctimas, por lo que le piden a las v\u00edctimas que se animen a denunciarlo.<\/p>\n<p>Fuentes judiciales y policiales informaron que los ataques se iniciaron el 17 de diciembre pasado y que este \u00faltimo fin de semana hubo dos intentos m\u00e1s, cerca de la avenida San Mart\u00edn y Alvarez Jonte, que no llegaron a concretarse.<\/p>\n<p>De acuerdo con las denuncias de las v\u00edctimas, el presunto violador tendr\u00eda \u00abentre 28 y 30 a\u00f1os\u00bb, estar\u00eda rapado y utilizar\u00eda el mismo modus operandi con todas sus v\u00edctimas. Seg\u00fan relataron a la Justicia algunas de ellas, el sospechoso \u00abbusca adolescentes, las amenaza en la calle con un arma y luego abusa sexualmente de ellas en el mismo lugar donde son interceptadas o las lleva a otro sitio m\u00e1s oscuro\u00bb.<\/p>\n<p>Si bien ya hay un identikit del atacante, se est\u00e1n realizando tareas de inteligencia para tratar de atraparlo, de acuerdo con las directivas de la fiscal porte\u00f1a Felisa Krasucki, quien investiga dos de los casos denunciados.<\/p>\n<p>El primero ocurri\u00f3 el 17 de diciembre, cuando una chica de 17 a\u00f1os regresaba de su trabajo alrededor de las 23:15 hs.\u00a0y fue sorprendida en Donato Alvarez y San Mart\u00edn por un hombre que la golpe\u00f3 brutalmente y luego la viol\u00f3.<\/p>\n<p>\u00abFue muy violento: le peg\u00f3 con el revolver en las costillas, le hizo sangrar la nariz, le rob\u00f3 el mp3, 15 pesos y se escap\u00f3\u00bb, relat\u00f3 In\u00e9s, la abuela de la v\u00edctima, quien junto con otros familiares tienen previsto realizar hoy una marcha en la misma esquina donde se produjo el ataque.<\/p>\n<p style=\"text-align: justify;\">Luego de llamar a su familia y su novio, la chica fue atendida en el Hospital \u00c1lvarez, donde la medicaron para evitar enfermedades de transmisi\u00f3n sexual. Posteriormente, la joven realiz\u00f3 la denuncia en la comisar\u00eda 41, donde entreg\u00f3 su ropa para ser analizada.<\/p>\n<p>La v\u00edctima declar\u00f3 ante la polic\u00eda que el atacante le dec\u00eda frases como \u00abNo grites huevona\u00bb y \u00abQuedate quieta culeada\u00bb, lo que llev\u00f3 a los investigadores del caso a suponer que se tratar\u00eda de un hombre proveniente de Cuyo o Chile.<\/p>\n<p>A su vez, la abuela de la chica precis\u00f3 que se entrevist\u00f3 con otras dos v\u00edctimas que no se animaron a denunciar los hechos, por lo que trat\u00f3 de convencerlas de que lo hagan.<\/p>\n<p>El segundo ataque se produjo el 25 de diciembre cuando otra joven, de 19 a\u00f1os, fue interceptada supuestamente por el mismo hombre en Nicasio Oro\u00f1o y Matur\u00edn, pero como no hab\u00eda mucha oscuridad la oblig\u00f3 a ir hasta la calle Paysand\u00fa.<\/p>\n<p>All\u00ed, comenz\u00f3 a golpearla y a manosearla, pero la chica logr\u00f3 escapar y comenz\u00f3 a tocar todos los timbres de las casas para pedir ayuda. Cuando lleg\u00f3 a su casa, le cont\u00f3 a su padre lo ocurrido, por lo que ambos salieron en la camioneta familiar a buscarlo. Tras varias vueltas, la joven reconoci\u00f3 al presunto violador cerca de la estaci\u00f3n de Colegiales, por lo que su padre le cruz\u00f3 el veh\u00edculo y alcanz\u00f3 a pegarle con una llave francesa en la cabeza, pero el sospechoso logr\u00f3 escapar.<\/p>\n<p>Ayer, familiares de las v\u00edctimas se reunieron con el jefe de la seccional 29, el comisario Carlos Grandal, y el jefe de la circunscripci\u00f3n VII, Ricardo Torre, quienes aseguraron que est\u00e1n trabajando en el esclarecimiento de los casos.<\/p>\n<p style=\"text-align: justify;\">En el lugar los vecinos no se cansaban de denunciar que es poco lo que la polic\u00eda hace para combatir la venta de paco en la zona, especialmente se\u00f1alan una villa cercana a la estaci\u00f3n Paternal.<\/p>\n<p style=\"text-align: justify;\">Las violaciones involucran a la comisar\u00eda 29, la comisar\u00eda 13 y a la 41 de la Polic\u00eda Federal Argentina. Se escucharon muchas voces\u00a0 denunciando que las comisar\u00edas solo prestan atenci\u00f3n y adem\u00e1s preferencial a los bancos y a los supermercados chinos.<\/p>\n<p style=\"text-align: justify;\">Como si no faltaran motivos para caldear los \u00e1nimos, la polic\u00eda dispuso que personal de civil realizara filmaciones y fotograf\u00edas desde terrazas de edificios cercanos al lugar de la convocatoria y posteriormente se film\u00f3 en las puertas de la comisar\u00eda 29 a los que participaron de la marcha, en la foto que ilustra el final de la nota se aprecia en detalle el efectivo designado para tal fin, que seg\u00fan asegur\u00f3 el comisario fue cumpliendo ordenes de la fiscal\u00eda contravencional de turno a cargo del Dr. Adri\u00e1n Mart\u00edn.<\/p>\n<p style=\"text-align: justify;\"><span style=\"text-decoration: underline;\"><strong>MA\u00d1ANA A LAS 19:00 hs. NUEVA CONVOCATORIA EN AV.SAN MART\u00cdN Y DONATO \u00c1LVAREZ.<\/strong><\/span><\/p>\n<p style=\"text-align: justify;\"><a href=\"http:\/\/www.elsindical.com.ar\/notas\/var\/www\/html\/notas\/wp-content\/uploads\/2010\/01\/polic\u00eda-filmando-vecinos.jpg\"><img loading=\"lazy\" decoding=\"async\" class=\"alignleft size-full wp-image-3199\" title=\"polic\u00eda-filmando-vecinos\" src=\"http:\/\/www.elsindical.com.ar\/notas\/var\/www\/html\/notas\/wp-content\/uploads\/2010\/01\/polic\u00eda-filmando-vecinos.jpg\" alt=\"\" width=\"443\" height=\"296\" srcset=\"https:\/\/www.elsindical.com.ar\/notas\/var\/www\/html\/notas\/wp-content\/uploads\/2010\/01\/polic\u00eda-filmando-vecinos.jpg 443w, https:\/\/www.elsindical.com.ar\/notas\/var\/www\/html\/notas\/wp-content\/uploads\/2010\/01\/polic\u00eda-filmando-vecinos-300x200.jpg 300w\" sizes=\"auto, (max-width: 443px) 100vw, 443px\" \/><\/a><\/p>\n<p style=\"text-align: justify;\">\u00a0<\/p>\n<p style=\"text-align: justify;\">\u00a0<\/p>\n<p style=\"text-align: justify;\">\u00a0<\/p>\n<p style=\"text-align: justify;\">\u00a0<\/p>\n<p style=\"text-align: justify;\">\u00a0<\/p>\n<p style=\"text-align: justify;\">\u00a0<\/p>\n<p style=\"text-align: justify;\">\u00a0<\/p>\n<p style=\"text-align: justify;\">\u00a0<\/p>\n<p style=\"text-align: justify;\">\u00a0<\/p>\n<p><object classid=\"clsid:d27cdb6e-ae6d-11cf-96b8-444553540000\" width=\"425\" height=\"344\" codebase=\"http:\/\/download.macromedia.com\/pub\/shockwave\/cabs\/flash\/swflash.cab#version=6,0,40,0\"><param name=\"allowFullScreen\" value=\"true\" \/><param name=\"allowscriptaccess\" value=\"always\" \/><param name=\"src\" value=\"http:\/\/www.youtube.com\/v\/d-hjEQPxJ_A&amp;hl=en_US&amp;fs=1&amp;\" \/><param name=\"allowfullscreen\" value=\"true\" \/><embed type=\"application\/x-shockwave-flash\" width=\"425\" height=\"344\" src=\"http:\/\/www.youtube.com\/v\/d-hjEQPxJ_A&amp;hl=en_US&amp;fs=1&amp;\" allowfullscreen=\"true\" allowscriptaccess=\"always\"><\/embed><\/object><\/p>\n<p style=\"text-align: justify;\"><strong><em><object classid=\"clsid:d27cdb6e-ae6d-11cf-96b8-444553540000\" width=\"425\" height=\"344\" codebase=\"http:\/\/download.macromedia.com\/pub\/shockwave\/cabs\/flash\/swflash.cab#version=6,0,40,0\"><param name=\"allowFullScreen\" value=\"true\" \/><param name=\"allowscriptaccess\" value=\"always\" \/><param name=\"src\" value=\"http:\/\/www.youtube.com\/v\/jK5xHnK_cYA&amp;hl=en_US&amp;fs=1&amp;\" \/><param name=\"allowfullscreen\" value=\"true\" \/><embed type=\"application\/x-shockwave-flash\" width=\"425\" height=\"344\" src=\"http:\/\/www.youtube.com\/v\/jK5xHnK_cYA&amp;hl=en_US&amp;fs=1&amp;\" allowfullscreen=\"true\" allowscriptaccess=\"always\"><\/embed><\/object><\/em><\/strong><object classid=\"clsid:d27cdb6e-ae6d-11cf-96b8-444553540000\" width=\"425\" height=\"344\" codebase=\"http:\/\/download.macromedia.com\/pub\/shockwave\/cabs\/flash\/swflash.cab#version=6,0,40,0\"><param name=\"allowFullScreen\" value=\"true\" \/><param name=\"allowscriptaccess\" value=\"always\" \/><param name=\"src\" value=\"http:\/\/www.youtube.com\/v\/vazWdgtur2Q&amp;hl=en_US&amp;fs=1&amp;\" \/><param name=\"allowfullscreen\" value=\"true\" \/><embed type=\"application\/x-shockwave-flash\" width=\"425\" height=\"344\" src=\"http:\/\/www.youtube.com\/v\/vazWdgtur2Q&amp;hl=en_US&amp;fs=1&amp;\" allowfullscreen=\"true\" allowscriptaccess=\"always\"><\/embed><\/object><\/p>\n<p style=\"text-align: justify;\"><strong><em>Por Marcelo Ricardo Hawrylciw<\/em><\/strong><\/p>\n","protected":false},"excerpt":{"rendered":"<p>\u00a0 \u00a0Esta tarde pasadas las 19:00 hs. los vecinos del barrio de La Paternal se hicieron o\u00edr, juntos en la intersecci\u00f3n de las Avenidas San Mart\u00edn y Donato \u00c1lvarez realizaron un breve corte de calle para exponer sus reclamos y organizarse ante los reiterados ataques de un violador, que podr\u00eda estar siendo imitado por otro&hellip;<\/p>\n","protected":false},"author":3,"featured_media":0,"comment_status":"open","ping_status":"open","sticky":false,"template":"","format":"standard","meta":{"footnotes":""},"categories":[1,10],"tags":[783,1341,1719,958,292,986,509,750,539],"class_list":["post-3196","post","type-post","status-publish","format-standard","hentry","category-destacadas","category-editorial","tag-abuso-sexual","tag-ciudad-de-buenos-aires","tag-la-paternal","tag-policia-federal","tag-protesta","tag-vecinos","tag-victimas","tag-violaciones","tag-violador"],"_links":{"self":[{"href":"https:\/\/www.elsindical.com.ar\/notas\/wp-json\/wp\/v2\/posts\/3196","targetHints":{"allow":["GET"]}}],"collection":[{"href":"https:\/\/www.elsindical.com.ar\/notas\/wp-json\/wp\/v2\/posts"}],"about":[{"href":"https:\/\/www.elsindical.com.ar\/notas\/wp-json\/wp\/v2\/types\/post"}],"author":[{"embeddable":true,"href":"https:\/\/www.elsindical.com.ar\/notas\/wp-json\/wp\/v2\/users\/3"}],"replies":[{"embeddable":true,"href":"https:\/\/www.elsindical.com.ar\/notas\/wp-json\/wp\/v2\/comments?post=3196"}],"version-history":[{"count":7,"href":"https:\/\/www.elsindical.com.ar\/notas\/wp-json\/wp\/v2\/posts\/3196\/revisions"}],"predecessor-version":[{"id":3208,"href":"https:\/\/www.elsindical.com.ar\/notas\/wp-json\/wp\/v2\/posts\/3196\/revisions\/3208"}],"wp:attachment":[{"href":"https:\/\/www.elsindical.com.ar\/notas\/wp-json\/wp\/v2\/media?parent=3196"}],"wp:term":[{"taxonomy":"category","embeddable":true,"href":"https:\/\/www.elsindical.com.ar\/notas\/wp-json\/wp\/v2\/categories?post=3196"},{"taxonomy":"post_tag","embeddable":true,"href":"https:\/\/www.elsindical.com.ar\/notas\/wp-json\/wp\/v2\/tags?post=3196"}],"curies":[{"name":"wp","href":"https:\/\/api.w.org\/{rel}","templated":true}]}}