{"id":31949,"date":"2013-01-21T18:32:52","date_gmt":"2013-01-21T21:32:52","guid":{"rendered":"http:\/\/www.elsindical.com.ar\/notas\/?p=31949"},"modified":"2013-01-21T19:01:35","modified_gmt":"2013-01-21T22:01:35","slug":"avellanedamorel-rodriguez-fue-demorado-por-la-policia-en-villa-dominico","status":"publish","type":"post","link":"https:\/\/www.elsindical.com.ar\/notas\/avellanedamorel-rodriguez-fue-demorado-por-la-policia-en-villa-dominico\/","title":{"rendered":"Avellaneda:Morel Rodr\u00edguez fue demorado por la Polic\u00eda en Villa Dom\u00ednico"},"content":{"rendered":"<p style=\"text-align: justify;\"><em><img loading=\"lazy\" decoding=\"async\" class=\"alignleft size-medium wp-image-31950\" alt=\"comisar\u00eda-4ta\" src=\"http:\/\/www.elsindical.com.ar\/notas\/var\/www\/html\/notas\/wp-content\/uploads\/2013\/01\/comisar\u00eda-4ta-300x300.jpg\" width=\"300\" height=\"300\" srcset=\"https:\/\/www.elsindical.com.ar\/notas\/var\/www\/html\/notas\/wp-content\/uploads\/2013\/01\/comisar\u00eda-4ta-300x300.jpg 300w, https:\/\/www.elsindical.com.ar\/notas\/var\/www\/html\/notas\/wp-content\/uploads\/2013\/01\/comisar\u00eda-4ta-150x150.jpg 150w, https:\/\/www.elsindical.com.ar\/notas\/var\/www\/html\/notas\/wp-content\/uploads\/2013\/01\/comisar\u00eda-4ta.jpg 325w\" sizes=\"auto, (max-width: 300px) 100vw, 300px\" \/>El defensor iba en su camioneta cuando lo detuvieron polic\u00edas bonaerenses vestidos de civil. Al temer un robo, el jugador evit\u00f3 el control. Los efectivos lo persiguieron y le dispararon con balas de goma. Fue detenido.<\/em><\/p>\n<p id=\"pcontnota\" style=\"text-align: justify;\">Claudio Morel Rodr\u00edguez abordaba su camioneta 4&#215;4 junto a sus dos hijos y un sobrino cuando fue invitado a detenerse por polic\u00edas, que no se identificaron, en el marco de un operativo de control, luego de la pr\u00e1ctica en Villa Dom\u00ednico.<\/p>\n<p style=\"text-align: justify;\">Al temer un robo o secuestro, el jugador desconoci\u00f3 la orden y fue perseguido por los efectivos de la fuerza, que dispararon balas de goma para amedrentarlo.<\/p>\n<p style=\"text-align: justify;\">Durante su escape involuntario, su camioneta embisti\u00f3 a dos autos particulares hasta que el m\u00f3vil de la polic\u00eda choc\u00f3 la unidad del jugador para garantizar su detenci\u00f3n.<\/p>\n<p style=\"text-align: justify;\">Tras el episodio, el defensor de Independiente fue trasladado, junto con los menores, hasta la comisar\u00eda 4ta. de Avellaneda en condici\u00f3n de demorado.<\/p>\n<p style=\"text-align: justify;\"><img loading=\"lazy\" decoding=\"async\" class=\"alignleft size-medium wp-image-31951\" alt=\"Claudio-Morel-Rodr\u00edguez\" src=\"http:\/\/www.elsindical.com.ar\/notas\/var\/www\/html\/notas\/wp-content\/uploads\/2013\/01\/Claudio-Morel-Rodr\u00edguez-300x210.jpg\" width=\"300\" height=\"210\" srcset=\"https:\/\/www.elsindical.com.ar\/notas\/var\/www\/html\/notas\/wp-content\/uploads\/2013\/01\/Claudio-Morel-Rodr\u00edguez-300x210.jpg 300w, https:\/\/www.elsindical.com.ar\/notas\/var\/www\/html\/notas\/wp-content\/uploads\/2013\/01\/Claudio-Morel-Rodr\u00edguez-427x300.jpg 427w, https:\/\/www.elsindical.com.ar\/notas\/var\/www\/html\/notas\/wp-content\/uploads\/2013\/01\/Claudio-Morel-Rodr\u00edguez.jpg 502w\" sizes=\"auto, (max-width: 300px) 100vw, 300px\" \/><\/p>\n","protected":false},"excerpt":{"rendered":"<p>El defensor iba en su camioneta cuando lo detuvieron polic\u00edas bonaerenses vestidos de civil. Al temer un robo, el jugador evit\u00f3 el control. Los efectivos lo persiguieron y le dispararon con balas de goma. Fue detenido. Claudio Morel Rodr\u00edguez abordaba su camioneta 4&#215;4 junto a sus dos hijos y un sobrino cuando fue invitado a&hellip;<\/p>\n","protected":false},"author":1,"featured_media":0,"comment_status":"open","ping_status":"open","sticky":false,"template":"","format":"standard","meta":{"footnotes":""},"categories":[22],"tags":[],"class_list":["post-31949","post","type-post","status-publish","format-standard","hentry","category-policiales"],"_links":{"self":[{"href":"https:\/\/www.elsindical.com.ar\/notas\/wp-json\/wp\/v2\/posts\/31949","targetHints":{"allow":["GET"]}}],"collection":[{"href":"https:\/\/www.elsindical.com.ar\/notas\/wp-json\/wp\/v2\/posts"}],"about":[{"href":"https:\/\/www.elsindical.com.ar\/notas\/wp-json\/wp\/v2\/types\/post"}],"author":[{"embeddable":true,"href":"https:\/\/www.elsindical.com.ar\/notas\/wp-json\/wp\/v2\/users\/1"}],"replies":[{"embeddable":true,"href":"https:\/\/www.elsindical.com.ar\/notas\/wp-json\/wp\/v2\/comments?post=31949"}],"version-history":[{"count":2,"href":"https:\/\/www.elsindical.com.ar\/notas\/wp-json\/wp\/v2\/posts\/31949\/revisions"}],"predecessor-version":[{"id":31959,"href":"https:\/\/www.elsindical.com.ar\/notas\/wp-json\/wp\/v2\/posts\/31949\/revisions\/31959"}],"wp:attachment":[{"href":"https:\/\/www.elsindical.com.ar\/notas\/wp-json\/wp\/v2\/media?parent=31949"}],"wp:term":[{"taxonomy":"category","embeddable":true,"href":"https:\/\/www.elsindical.com.ar\/notas\/wp-json\/wp\/v2\/categories?post=31949"},{"taxonomy":"post_tag","embeddable":true,"href":"https:\/\/www.elsindical.com.ar\/notas\/wp-json\/wp\/v2\/tags?post=31949"}],"curies":[{"name":"wp","href":"https:\/\/api.w.org\/{rel}","templated":true}]}}