{"id":31933,"date":"2013-01-21T01:25:49","date_gmt":"2013-01-21T04:25:49","guid":{"rendered":"http:\/\/www.elsindical.com.ar\/notas\/?p=31933"},"modified":"2013-01-21T01:25:49","modified_gmt":"2013-01-21T04:25:49","slug":"la-defensoria-general-de-la-nacion-pide-reflexionar-sobre-la-justicia","status":"publish","type":"post","link":"https:\/\/www.elsindical.com.ar\/notas\/la-defensoria-general-de-la-nacion-pide-reflexionar-sobre-la-justicia\/","title":{"rendered":"La Defensor\u00eda General de la Naci\u00f3n pide \u201creflexionar\u201d sobre la Justicia"},"content":{"rendered":"<p style=\"text-align: justify;\"><em><img loading=\"lazy\" decoding=\"async\" class=\"alignleft size-medium wp-image-31934\" alt=\"Stella-Maris-Mart\u00ednez\" src=\"http:\/\/www.elsindical.com.ar\/notas\/var\/www\/html\/notas\/wp-content\/uploads\/2013\/01\/Stella-Maris-Mart\u00ednez-300x187.jpg\" width=\"300\" height=\"187\" srcset=\"https:\/\/www.elsindical.com.ar\/notas\/var\/www\/html\/notas\/wp-content\/uploads\/2013\/01\/Stella-Maris-Mart\u00ednez-300x187.jpg 300w, https:\/\/www.elsindical.com.ar\/notas\/var\/www\/html\/notas\/wp-content\/uploads\/2013\/01\/Stella-Maris-Mart\u00ednez.jpg 443w\" sizes=\"auto, (max-width: 300px) 100vw, 300px\" \/>La titular de la defensor\u00eda, Stella Maris Mart\u00ednez, se pronunci\u00f3 en contra de la elecci\u00f3n popular de jueces y critic\u00f3 tambi\u00e9n el abuso del recurso de las medidas cautelares, que seg\u00fan remarc\u00f3 \u201csi son eternas\u201d general una Justicia que no es tal\u00bb. Mart\u00ednez se refiri\u00f3 a la Ley de Medios y resalt\u00f3 que una cautelar \u201cno debe ser un obst\u00e1culo\u201d para que se cumpla una norma.<\/em><\/p>\n<p style=\"text-align: justify;\">Luego de una a\u00f1o donde el foco de debate tambi\u00e9n alcanz\u00f3 a las eventuales reformas que deber\u00edan hacerse sobre el sistema de Justicia, y cuando, a\u00fan, no pudo aplicarse en su plenitud la Ley de Servicios de Comunicaci\u00f3n Audiovisual tras una serie de medidas cautelares, desde la Defensor\u00eda General de la Naci\u00f3n pidieron hacer una \u201creflexi\u00f3n\u201d seria sobre la Justicia que la sociedad argentina quiere tener.<\/p>\n<p>Quien hizo la sugerencia y tambi\u00e9n incurri\u00f3 en algunas cr\u00edticas fue la defensora general de la Naci\u00f3n, Stella Maris Mart\u00ednez, que cuestion\u00f3 de modo directo la \u201cla presi\u00f3n de los medios\u201d, a la que consider\u00f3, en este sentido, \u201cpeligrosa\u00bb.<\/p>\n<p>Mart\u00ednez, quien encabez\u00f3 junto a la procuradora Alejandra Gils Carb\u00f3 el pronunciamiento por una `Justicia Leg\u00edtima`, consider\u00f3 se refiri\u00f3 de manera espec\u00edfica a las medidas cautelares que desde hace a\u00f1os impiden la plena aplicaci\u00f3n de la Lay de Medios.<\/p>\n<p>\u00abSi las cautelares son eternas, tenemos una Justicia que no es tal\u00bb, advirti\u00f3.<\/p>\n<p>\u00abNos debemos una amplia discusi\u00f3n sobre c\u00f3mo est\u00e1 funcionando el sistema de administraci\u00f3n de Justicia. No tenemos que tener miedo a ser sometidos al escrutinio p\u00fablico\u00bb, asegur\u00f3 la jefa de todos los defensores oficiales.<\/p>\n<p>En esta l\u00ednea, se manifest\u00f3 en contra de la elecci\u00f3n popular de los jueces, un debate que se insinu\u00f3 a fines del a\u00f1o pasado, luego de que la presidenta, Cristina Fern\u00e1ndez de Kirchner, pidiera democratizar la Justicia.<\/p>\n<p>\u201cMe parece que va a ser un sistema de mayor presi\u00f3n. En aquellos lugares en los que se implement\u00f3, no fue bueno\u00bb, alert\u00f3.<\/p>\n<p>En este marco, Mart\u00ednez volvi\u00f3 sobre la necesidad de un debate serio al recordar que \u00abla Corte Interamericana de Derechos Humanos sac\u00f3 tres fallos contra Argentina y los tres fallos est\u00e1n cuestionando medidas del Poder Judicial\u00bb.<\/p>\n<p>\u00abHubo muchas situaciones graves, como la contemplaci\u00f3n con jueces que estaban involucrados en delitos de lesa humanidad\u00bb, marc\u00f3.<\/p>\n<p>Consultada concretamente sobre la ley de Medios, opin\u00f3 que \u00abpodr\u00eda establecerse que cuando se impone una cautelar la resoluci\u00f3n sobre el fondo del asunto tiene que seguir un procedimiento abreviado y tiene que estar resuelto en un tiempo determinado\u00bb.<\/p>\n<p>\u00abLa medida cautelar no debe frenar el funcionamiento de la administraci\u00f3n de justicia. No debe ser un obst\u00e1culo para que se cumpla una ley, una resoluci\u00f3n\u00bb, subray\u00f3.<\/p>\n<p>Mart\u00ednez tambi\u00e9n remarc\u00f3 que \u00abla independencia tiene que ser de todos, del Poder Ejecutivo, del Poder Legislativo, de las grandes corporaciones, de la Iglesia, de los medios de prensa\u00bb.<\/p>\n<p>\u00ab\u00bfO no es presi\u00f3n cuando los medios act\u00faan de una manera beligerante y tomando posici\u00f3n a priori en un caso penal cualquiera? Luego el caso se termina, no era como se imaginaba originariamente y la persona qued\u00f3 crucificada para siempre. Esto pasa todo el tiempo. Esta presi\u00f3n a m\u00ed me parece mucho m\u00e1s peligrosa\u00bb, se\u00f1al\u00f3.<\/p>\n<p>\u00abNo me parecer\u00eda mal hacer una experiencia de juicio por jurados, pero lo central es modificar el sistema de administraci\u00f3n de Justicia para que las pautas democr\u00e1ticas, de respeto a las personas m\u00e1s vulnerables, entren y atraviesen todo el sistema, que todo el mundo se d\u00e9 cuenta de c\u00f3mo tenemos que actuar\u00bb, indic\u00f3.<\/p>\n<p>Mart\u00ednez tambi\u00e9n cuestion\u00f3 que \u00abni el Poder Judicial ni el Ministerio P\u00fablico Fiscal tienen un sistema de selecci\u00f3n para los secretarios\u00bb y propuso \u00abfijar est\u00e1ndares m\u00ednimos\u00bb para \u00abelevar el nivel de eficiencia\u00bb.<\/p>\n<p>En tanto, sobre las desigualdades del sistema judicial asegur\u00f3 que \u00abcuando uno ve ciertas cosas, el aforismo de que la Justicia civil es para los ricos y la penal para los pobres parece muy cierto\u00bb.<\/p>\n<p>Por \u00faltimo, opin\u00f3 que \u00abla Corte Suprema debe ser objeto de una reforma\u00bb porque \u00abest\u00e1 sobrecargada de trabajo\u00bb y all\u00ed \u00ablas causas tardan mucho\u00bb y al respecto opin\u00f3 que una soluci\u00f3n ser\u00eda \u00abponer una Corte Constitucional\u00bb.<\/p>\n<p>\u00abSi tuvi\u00e9ramos un tribunal constitucional, cada vez que se declara una inconstitucionalidad, inmediatamente la ley cae para todos. Se supone que los jueces tienen que obedecer las resoluciones de la Corte, pero en la pr\u00e1ctica ser\u00eda preferible a todas luces tener un tribunal, o darle facultades constitucionales a esta Corte\u00bb, concluy\u00f3.<\/p>\n","protected":false},"excerpt":{"rendered":"<p>La titular de la defensor\u00eda, Stella Maris Mart\u00ednez, se pronunci\u00f3 en contra de la elecci\u00f3n popular de jueces y critic\u00f3 tambi\u00e9n el abuso del recurso de las medidas cautelares, que seg\u00fan remarc\u00f3 \u201csi son eternas\u201d general una Justicia que no es tal\u00bb. Mart\u00ednez se refiri\u00f3 a la Ley de Medios y resalt\u00f3 que una cautelar&hellip;<\/p>\n","protected":false},"author":1,"featured_media":0,"comment_status":"open","ping_status":"open","sticky":false,"template":"","format":"standard","meta":{"footnotes":""},"categories":[13],"tags":[12866,253,12799,41],"class_list":["post-31933","post","type-post","status-publish","format-standard","hentry","category-politica","tag-alejandra-gils-carbo","tag-declaraciones","tag-defensora-general-de-la-nacion-stella-maris-martinez","tag-justicia"],"_links":{"self":[{"href":"https:\/\/www.elsindical.com.ar\/notas\/wp-json\/wp\/v2\/posts\/31933","targetHints":{"allow":["GET"]}}],"collection":[{"href":"https:\/\/www.elsindical.com.ar\/notas\/wp-json\/wp\/v2\/posts"}],"about":[{"href":"https:\/\/www.elsindical.com.ar\/notas\/wp-json\/wp\/v2\/types\/post"}],"author":[{"embeddable":true,"href":"https:\/\/www.elsindical.com.ar\/notas\/wp-json\/wp\/v2\/users\/1"}],"replies":[{"embeddable":true,"href":"https:\/\/www.elsindical.com.ar\/notas\/wp-json\/wp\/v2\/comments?post=31933"}],"version-history":[{"count":2,"href":"https:\/\/www.elsindical.com.ar\/notas\/wp-json\/wp\/v2\/posts\/31933\/revisions"}],"predecessor-version":[{"id":31936,"href":"https:\/\/www.elsindical.com.ar\/notas\/wp-json\/wp\/v2\/posts\/31933\/revisions\/31936"}],"wp:attachment":[{"href":"https:\/\/www.elsindical.com.ar\/notas\/wp-json\/wp\/v2\/media?parent=31933"}],"wp:term":[{"taxonomy":"category","embeddable":true,"href":"https:\/\/www.elsindical.com.ar\/notas\/wp-json\/wp\/v2\/categories?post=31933"},{"taxonomy":"post_tag","embeddable":true,"href":"https:\/\/www.elsindical.com.ar\/notas\/wp-json\/wp\/v2\/tags?post=31933"}],"curies":[{"name":"wp","href":"https:\/\/api.w.org\/{rel}","templated":true}]}}