{"id":31901,"date":"2013-01-19T00:36:10","date_gmt":"2013-01-19T03:36:10","guid":{"rendered":"http:\/\/www.elsindical.com.ar\/notas\/?p=31901"},"modified":"2013-01-19T00:36:10","modified_gmt":"2013-01-19T03:36:10","slug":"buscamos-a-lidia-susana-beron","status":"publish","type":"post","link":"https:\/\/www.elsindical.com.ar\/notas\/buscamos-a-lidia-susana-beron\/","title":{"rendered":"Buscamos a Lidia Susana Ber\u00f3n"},"content":{"rendered":"<p style=\"text-align: justify;\"><em><img loading=\"lazy\" decoding=\"async\" class=\"alignleft size-medium wp-image-31902\" alt=\"Lidia-Susana-Ber\u00f3n\" src=\"http:\/\/www.elsindical.com.ar\/notas\/var\/www\/html\/notas\/wp-content\/uploads\/2013\/01\/Lidia-Susana-Ber\u00f3n-300x224.jpg\" width=\"300\" height=\"224\" srcset=\"https:\/\/www.elsindical.com.ar\/notas\/var\/www\/html\/notas\/wp-content\/uploads\/2013\/01\/Lidia-Susana-Ber\u00f3n-300x224.jpg 300w, https:\/\/www.elsindical.com.ar\/notas\/var\/www\/html\/notas\/wp-content\/uploads\/2013\/01\/Lidia-Susana-Ber\u00f3n-400x300.jpg 400w, https:\/\/www.elsindical.com.ar\/notas\/var\/www\/html\/notas\/wp-content\/uploads\/2013\/01\/Lidia-Susana-Ber\u00f3n.jpg 443w\" sizes=\"auto, (max-width: 300px) 100vw, 300px\" \/>La mujer tiene 64 a\u00f1os, es jubilada, mide 1.55, pesa 63 kg, padece de esquizofrenia, pero actualmente no est\u00e1 medicada. Desapareci\u00f3 de su domicilio el pasado 11 de enero. Su familia la busca intensamente y ya hizo la denuncia policial correspondiente.<\/em><\/p>\n<p style=\"text-align: justify;\">Lidia Susana Ber\u00f3n desapareci\u00f3 de su domicilio el d\u00eda 11\/01\/2013 en la localidad de Villa Madero, partido de La Matanza. La mujer padece de esquizofrenia, actualmente no est\u00e1 medicada, su medicaci\u00f3n habitual es Risperidona 3 mg y clonazepan de 2 mg.<\/p>\n<p style=\"text-align: justify;\">Seg\u00fan inform\u00f3 su familia, Lidia tiene 64 a\u00f1os de edad, es jubilada, viuda y naci\u00f3 el 19 de junio de 1948. Vive en dicha localidad, mide 1,55, pesa 63 kg y tiene cabello corto casta\u00f1o.<\/p>\n<p style=\"text-align: justify;\">Su sobrina Julia Ber\u00f3n anunci\u00f3 que la denuncia sobre su desaparici\u00f3n ya fue hecha en la Comisar\u00eda Distrital Noreste I. Cualquier novedad sobre su paradero se puede comunicar a los n\u00fameros 4655-0969 y 4454-7059.<\/p>\n","protected":false},"excerpt":{"rendered":"<p>La mujer tiene 64 a\u00f1os, es jubilada, mide 1.55, pesa 63 kg, padece de esquizofrenia, pero actualmente no est\u00e1 medicada. Desapareci\u00f3 de su domicilio el pasado 11 de enero. Su familia la busca intensamente y ya hizo la denuncia policial correspondiente. Lidia Susana Ber\u00f3n desapareci\u00f3 de su domicilio el d\u00eda 11\/01\/2013 en la localidad de&hellip;<\/p>\n","protected":false},"author":1,"featured_media":0,"comment_status":"open","ping_status":"open","sticky":false,"template":"","format":"standard","meta":{"footnotes":""},"categories":[26],"tags":[973,12275,1401,14838,4444],"class_list":["post-31901","post","type-post","status-publish","format-standard","hentry","category-solidaridad","tag-desaparecida","tag-jubilada","tag-la-matanza","tag-lidia-susana-beron","tag-villa-madero"],"_links":{"self":[{"href":"https:\/\/www.elsindical.com.ar\/notas\/wp-json\/wp\/v2\/posts\/31901","targetHints":{"allow":["GET"]}}],"collection":[{"href":"https:\/\/www.elsindical.com.ar\/notas\/wp-json\/wp\/v2\/posts"}],"about":[{"href":"https:\/\/www.elsindical.com.ar\/notas\/wp-json\/wp\/v2\/types\/post"}],"author":[{"embeddable":true,"href":"https:\/\/www.elsindical.com.ar\/notas\/wp-json\/wp\/v2\/users\/1"}],"replies":[{"embeddable":true,"href":"https:\/\/www.elsindical.com.ar\/notas\/wp-json\/wp\/v2\/comments?post=31901"}],"version-history":[{"count":1,"href":"https:\/\/www.elsindical.com.ar\/notas\/wp-json\/wp\/v2\/posts\/31901\/revisions"}],"predecessor-version":[{"id":31903,"href":"https:\/\/www.elsindical.com.ar\/notas\/wp-json\/wp\/v2\/posts\/31901\/revisions\/31903"}],"wp:attachment":[{"href":"https:\/\/www.elsindical.com.ar\/notas\/wp-json\/wp\/v2\/media?parent=31901"}],"wp:term":[{"taxonomy":"category","embeddable":true,"href":"https:\/\/www.elsindical.com.ar\/notas\/wp-json\/wp\/v2\/categories?post=31901"},{"taxonomy":"post_tag","embeddable":true,"href":"https:\/\/www.elsindical.com.ar\/notas\/wp-json\/wp\/v2\/tags?post=31901"}],"curies":[{"name":"wp","href":"https:\/\/api.w.org\/{rel}","templated":true}]}}