{"id":31818,"date":"2013-01-16T14:03:37","date_gmt":"2013-01-16T17:03:37","guid":{"rendered":"http:\/\/www.elsindical.com.ar\/notas\/?p=31818"},"modified":"2013-01-16T14:03:37","modified_gmt":"2013-01-16T17:03:37","slug":"diaz-perez-denuncia-una-campana-de-clarin-y-la-oposicion-en-su-contra","status":"publish","type":"post","link":"https:\/\/www.elsindical.com.ar\/notas\/diaz-perez-denuncia-una-campana-de-clarin-y-la-oposicion-en-su-contra\/","title":{"rendered":"D\u00edaz P\u00e9rez denuncia una campa\u00f1a de Clar\u00edn y la oposici\u00f3n en su contra"},"content":{"rendered":"<p style=\"text-align: justify;\"><em><img loading=\"lazy\" decoding=\"async\" class=\"alignleft size-medium wp-image-31819\" alt=\"intendente-Dar\u00edo-D\u00edaz-P\u00e9rez\" src=\"http:\/\/www.elsindical.com.ar\/notas\/var\/www\/html\/notas\/wp-content\/uploads\/2013\/01\/intendente-Dar\u00edo-D\u00edaz-P\u00e9rez-300x264.jpg\" width=\"300\" height=\"264\" srcset=\"https:\/\/www.elsindical.com.ar\/notas\/var\/www\/html\/notas\/wp-content\/uploads\/2013\/01\/intendente-Dar\u00edo-D\u00edaz-P\u00e9rez-300x264.jpg 300w, https:\/\/www.elsindical.com.ar\/notas\/var\/www\/html\/notas\/wp-content\/uploads\/2013\/01\/intendente-Dar\u00edo-D\u00edaz-P\u00e9rez-339x300.jpg 339w, https:\/\/www.elsindical.com.ar\/notas\/var\/www\/html\/notas\/wp-content\/uploads\/2013\/01\/intendente-Dar\u00edo-D\u00edaz-P\u00e9rez.jpg 443w\" sizes=\"auto, (max-width: 300px) 100vw, 300px\" \/>El Intendente de Lan\u00fas asegur\u00f3 que intentan mostrar al distrito como \u201cproblem\u00e1tico\u201d luego de que el viernes pasado la se\u00f1ala de cable TN difundiera la noticia de un crimen que en realidad ocurri\u00f3 hace 5 a\u00f1os. \u201cHay una intencionalidad manifiesta del multimedios asociada a pol\u00edticos de la oposici\u00f3n hacia mi persona\u00bb, opin\u00f3.\u00a0<\/em><\/p>\n<p style=\"text-align: justify;\">El intendente de Lan\u00fas, Dar\u00edo D\u00edaz P\u00e9rez, denunci\u00f3 que Clar\u00edn y la oposici\u00f3n encabezan \u00abuna campa\u00f1a\u201d en su contra, luego de que el viernes la se\u00f1al de noticias TN difundiera como noticia el crimen de un empresario en el municipio que hab\u00eda ocurrido hace cinco a\u00f1os.<\/p>\n<p>\u00abUna torpeza as\u00ed uno la puede imaginar en un medio que reci\u00e9n empieza. Hay una intencionalidad manifiesta del multimedios asociada a pol\u00edticos de la oposici\u00f3n hacia Lan\u00fas y hacia mi persona\u00bb, se\u00f1al\u00f3<\/p>\n<p>El intendente explic\u00f3 adem\u00e1s que el hecho hab\u00eda sido informado por la se\u00f1al hace cinco a\u00f1os y que a ra\u00edz de la informaci\u00f3n difundida el viernes pasado a las 07:26 hs.\u00bbse empez\u00f3 a movilizar todo, hasta las autoridades policiales\u00bb, e incluso el periodista de TN\u00a0 \u00abMauro Szeta se fue hasta la comisar\u00eda y lo llam\u00f3 al jefe departamental\u00bb.<\/p>\n<p>D\u00edaz P\u00e9rez tambi\u00e9n sostuvo que \u00abhan elegido a Lan\u00fas para instalarlo como distrito problem\u00e1tico; antes fue con Marcela Morelo, y tambi\u00e9n con hechos en Lomas de Zamora o Gerli que los pasan como ocurridos en Lan\u00fas\u00bb. Adem\u00e1s el intendente critic\u00f3 que \u00abno hubo rectificaci\u00f3n ni pedido de disculpas\u00bb y se\u00f1al\u00f3 que \u00abcada vez que se refieren a mi persona me mencionan como ultra kirchnerista\u00bb.<\/p>\n<p>\u00abEl m\u00e9todo de ellos es la ofensa permanente y no aclarar nada\u00bb, remarc\u00f3.<\/p>\n<p>El periodista Guillermo Lobo, que se encontraba en el estudio de la se\u00f1al cuando fue difundida la noticia, reconoci\u00f3 a trav\u00e9s de Twitter que \u00abes un tremendo y redondo error\u00bb, pero ante la consulta de un usuario de la red social de si se iba a aclarar respondi\u00f3: \u00abLa familia nos pide que no olvidemos el crimen. A\u00fan hay puntos oscuros en la investigaci\u00f3n. Piden Justicia\u00bb.<\/p>\n<p style=\"text-align: justify;\">Desde El Sindical, ya hemos reiterado en m\u00e1s de una oportunidad que el municipio de Lan\u00fas comparte graves situaciones de inseguridad, trata de personas, drogas y corrupci\u00f3n, como sucede con Lomas de Zamora y Avellaneda. Como medio independiente hemos se\u00f1alado a algunos funcionarios inoperantes y tambi\u00e9n hemos hecho observaciones sobre como desarrollan los temas policiales el Grupo Clar\u00edn, que suelen no entender ni manejar correctamente la informaci\u00f3n, m\u00e1s all\u00e1 de eso, el intendente de Lan\u00fas, no puede negar que tiene una muy grave situaci\u00f3n de inseguridad, producto de la falta de controles preventivos, de un mal manejo policial, y de los \u00edndices de incremento en el consumo y venta de drogas.<\/p>\n","protected":false},"excerpt":{"rendered":"<p>El Intendente de Lan\u00fas asegur\u00f3 que intentan mostrar al distrito como \u201cproblem\u00e1tico\u201d luego de que el viernes pasado la se\u00f1ala de cable TN difundiera la noticia de un crimen que en realidad ocurri\u00f3 hace 5 a\u00f1os. \u201cHay una intencionalidad manifiesta del multimedios asociada a pol\u00edticos de la oposici\u00f3n hacia mi persona\u00bb, opin\u00f3.\u00a0 El intendente de&hellip;<\/p>\n","protected":false},"author":1,"featured_media":0,"comment_status":"open","ping_status":"open","sticky":false,"template":"","format":"standard","meta":{"footnotes":""},"categories":[6],"tags":[3027,14779,1349,984,209,14780,22030,22025,71],"class_list":["post-31818","post","type-post","status-publish","format-standard","hentry","category-denuncias","tag-campana","tag-dario-diaz-perez","tag-grupo-clarin","tag-inseguridad","tag-lanus","tag-mauro-szeta","tag-policiales","tag-politica","tag-tn"],"_links":{"self":[{"href":"https:\/\/www.elsindical.com.ar\/notas\/wp-json\/wp\/v2\/posts\/31818","targetHints":{"allow":["GET"]}}],"collection":[{"href":"https:\/\/www.elsindical.com.ar\/notas\/wp-json\/wp\/v2\/posts"}],"about":[{"href":"https:\/\/www.elsindical.com.ar\/notas\/wp-json\/wp\/v2\/types\/post"}],"author":[{"embeddable":true,"href":"https:\/\/www.elsindical.com.ar\/notas\/wp-json\/wp\/v2\/users\/1"}],"replies":[{"embeddable":true,"href":"https:\/\/www.elsindical.com.ar\/notas\/wp-json\/wp\/v2\/comments?post=31818"}],"version-history":[{"count":1,"href":"https:\/\/www.elsindical.com.ar\/notas\/wp-json\/wp\/v2\/posts\/31818\/revisions"}],"predecessor-version":[{"id":31820,"href":"https:\/\/www.elsindical.com.ar\/notas\/wp-json\/wp\/v2\/posts\/31818\/revisions\/31820"}],"wp:attachment":[{"href":"https:\/\/www.elsindical.com.ar\/notas\/wp-json\/wp\/v2\/media?parent=31818"}],"wp:term":[{"taxonomy":"category","embeddable":true,"href":"https:\/\/www.elsindical.com.ar\/notas\/wp-json\/wp\/v2\/categories?post=31818"},{"taxonomy":"post_tag","embeddable":true,"href":"https:\/\/www.elsindical.com.ar\/notas\/wp-json\/wp\/v2\/tags?post=31818"}],"curies":[{"name":"wp","href":"https:\/\/api.w.org\/{rel}","templated":true}]}}