{"id":31806,"date":"2013-01-16T11:31:54","date_gmt":"2013-01-16T14:31:54","guid":{"rendered":"http:\/\/www.elsindical.com.ar\/notas\/?p=31806"},"modified":"2013-01-16T11:31:54","modified_gmt":"2013-01-16T14:31:54","slug":"tandilgrupo-comando-maniato-a-mujer-y-a-su-hijo-de-dos-anos","status":"publish","type":"post","link":"https:\/\/www.elsindical.com.ar\/notas\/tandilgrupo-comando-maniato-a-mujer-y-a-su-hijo-de-dos-anos\/","title":{"rendered":"Tandil:Grupo comando maniat\u00f3 a mujer y a su hijo de dos a\u00f1os"},"content":{"rendered":"<p style=\"text-align: justify;\"><em><img loading=\"lazy\" decoding=\"async\" class=\"alignleft size-medium wp-image-31807\" alt=\"robo-Tandil\" src=\"http:\/\/www.elsindical.com.ar\/notas\/var\/www\/html\/notas\/wp-content\/uploads\/2013\/01\/robo-Tandil-300x224.jpg\" width=\"300\" height=\"224\" srcset=\"https:\/\/www.elsindical.com.ar\/notas\/var\/www\/html\/notas\/wp-content\/uploads\/2013\/01\/robo-Tandil-300x224.jpg 300w, https:\/\/www.elsindical.com.ar\/notas\/var\/www\/html\/notas\/wp-content\/uploads\/2013\/01\/robo-Tandil-400x300.jpg 400w, https:\/\/www.elsindical.com.ar\/notas\/var\/www\/html\/notas\/wp-content\/uploads\/2013\/01\/robo-Tandil.jpg 443w\" sizes=\"auto, (max-width: 300px) 100vw, 300px\" \/>La esposa de un productor dedicado a la apicultura fue maniatada con su hijo de dos a\u00f1os en el regazo, al ser asaltada en su casa del barrio Cerro Leones por dos encapuchados que se llevaron unos 10 mil pesos y pertenencias de valor. Los ladrones, que escaparon en una moto, son intensamente buscados en distintos barrios de la zona.<\/em><\/p>\n<p style=\"text-align: justify;\">Fuentes policiales informaron que el robo fue cometido en la ma\u00f1ana de ayer cuando los ladrones encapuchados irrumpieron en la casa del productor apicultor Norberto Echeveste, ubicada sobre un camino de tierra, y sorprendieron a su esposa e hijo de dos a\u00f1os.<\/p>\n<p>Los delincuentes sentaron a la mujer en una silla y le colocaron a su hijo en el regazo para luego maniatarlos, sin agredirlos f\u00edsicamente, contaron las fuentes. La odisea vivida por la mujer y su hijo termin\u00f3 cuando los asaltantes se fugaron con el dinero, una notebook, una c\u00e1mara fotogr\u00e1fica y otros objetos de valor.<\/p>\n<p>Para la familia asaltada no se trat\u00f3 de un simple robo al voleo ya que aparentemente los asaltantes ten\u00edan estudiados sus movimientos.<\/p>\n<p>Echeveste denunci\u00f3 lo ocurrido en la comisar\u00eda segunda de Tandil donde se instruyeron actuaciones por \u00abrobo calificado y privaci\u00f3n ilegal de la libertad\u00bb.<\/p>\n","protected":false},"excerpt":{"rendered":"<p>La esposa de un productor dedicado a la apicultura fue maniatada con su hijo de dos a\u00f1os en el regazo, al ser asaltada en su casa del barrio Cerro Leones por dos encapuchados que se llevaron unos 10 mil pesos y pertenencias de valor. Los ladrones, que escaparon en una moto, son intensamente buscados en&hellip;<\/p>\n","protected":false},"author":1,"featured_media":0,"comment_status":"open","ping_status":"open","sticky":false,"template":"","format":"standard","meta":{"footnotes":""},"categories":[22],"tags":[14774,581,14775,10009,1333,5695],"class_list":["post-31806","post","type-post","status-publish","format-standard","hentry","category-policiales","tag-cerro-de-leones","tag-delincuentes","tag-echeveste","tag-encapuchados","tag-ladrones","tag-tandil"],"_links":{"self":[{"href":"https:\/\/www.elsindical.com.ar\/notas\/wp-json\/wp\/v2\/posts\/31806","targetHints":{"allow":["GET"]}}],"collection":[{"href":"https:\/\/www.elsindical.com.ar\/notas\/wp-json\/wp\/v2\/posts"}],"about":[{"href":"https:\/\/www.elsindical.com.ar\/notas\/wp-json\/wp\/v2\/types\/post"}],"author":[{"embeddable":true,"href":"https:\/\/www.elsindical.com.ar\/notas\/wp-json\/wp\/v2\/users\/1"}],"replies":[{"embeddable":true,"href":"https:\/\/www.elsindical.com.ar\/notas\/wp-json\/wp\/v2\/comments?post=31806"}],"version-history":[{"count":1,"href":"https:\/\/www.elsindical.com.ar\/notas\/wp-json\/wp\/v2\/posts\/31806\/revisions"}],"predecessor-version":[{"id":31808,"href":"https:\/\/www.elsindical.com.ar\/notas\/wp-json\/wp\/v2\/posts\/31806\/revisions\/31808"}],"wp:attachment":[{"href":"https:\/\/www.elsindical.com.ar\/notas\/wp-json\/wp\/v2\/media?parent=31806"}],"wp:term":[{"taxonomy":"category","embeddable":true,"href":"https:\/\/www.elsindical.com.ar\/notas\/wp-json\/wp\/v2\/categories?post=31806"},{"taxonomy":"post_tag","embeddable":true,"href":"https:\/\/www.elsindical.com.ar\/notas\/wp-json\/wp\/v2\/tags?post=31806"}],"curies":[{"name":"wp","href":"https:\/\/api.w.org\/{rel}","templated":true}]}}