{"id":31786,"date":"2013-01-15T13:22:14","date_gmt":"2013-01-15T16:22:14","guid":{"rendered":"http:\/\/www.elsindical.com.ar\/notas\/?p=31786"},"modified":"2013-01-15T13:22:31","modified_gmt":"2013-01-15T16:22:31","slug":"tres-de-febreroacribillan-a-tres-menores-en-pablo-podesta","status":"publish","type":"post","link":"https:\/\/www.elsindical.com.ar\/notas\/tres-de-febreroacribillan-a-tres-menores-en-pablo-podesta\/","title":{"rendered":"Tres de Febrero:Acribillan a tres menores en Pablo Podest\u00e1"},"content":{"rendered":"<p style=\"text-align: justify;\"><em><img loading=\"lazy\" decoding=\"async\" class=\"alignleft size-medium wp-image-31787\" style=\"width: 300px; height: 193px;\" alt=\"asesinato-chicos-Tres-de-Febrero\" src=\"http:\/\/www.elsindical.com.ar\/notas\/var\/www\/html\/notas\/wp-content\/uploads\/2013\/01\/asesinato-chicos-Tres-de-Febrero-300x147.jpg\" width=\"300\" height=\"147\" srcset=\"https:\/\/www.elsindical.com.ar\/notas\/var\/www\/html\/notas\/wp-content\/uploads\/2013\/01\/asesinato-chicos-Tres-de-Febrero-300x147.jpg 300w, https:\/\/www.elsindical.com.ar\/notas\/var\/www\/html\/notas\/wp-content\/uploads\/2013\/01\/asesinato-chicos-Tres-de-Febrero-500x245.jpg 500w, https:\/\/www.elsindical.com.ar\/notas\/var\/www\/html\/notas\/wp-content\/uploads\/2013\/01\/asesinato-chicos-Tres-de-Febrero.jpg 502w\" sizes=\"auto, (max-width: 300px) 100vw, 300px\" \/>Las v\u00edctimas fueron sorprendidas cuando estaban al costado de un pared\u00f3n.<strong> De acuerdo con testigos, los disparos salieron desde un veh\u00edculo negro<\/strong>, que ya est\u00e1 en poder policial.<\/em><\/p>\n<div style=\"text-align: justify;\">\n<p>En un confuso episodio, tres menores de 16, 17 y 18 a\u00f1os fueron fusilados desde un auto en la localidad de <strong>Pablo Podest\u00e1<\/strong>, en el partido de Tres de Febrero. La masacre ocurri\u00f3 ayer hacia la medianoche, en un barrio conocido como Villa Par\u00eds, cuando las v\u00edctimas se encontraban al costado de un pared\u00f3n, junto con otros adolescentes.<\/p>\n<p>De acuerdo con el relato de testigos, los disparos salieron desde un Fiat Punto\u00a0de color negro, con los vidrios polarizados y que ya est\u00e1 en poder de las autoridades. Un familiar de una de las v\u00edctimas dijo que se escucharon entre 10 y 11 disparos y que todo qued\u00f3 registrado por las c\u00e1maras del lugar.<\/p>\n<p>Seg\u00fan las \u00faltimas informaciones, son tres los atacantes\u00a0 y son buscados intensamente por la polic\u00eda. Dos de las v\u00edctimas <strong>fueron identidicadas como Alexis Bracamonte y Lucas D\u00edaz<\/strong>, mientras que a\u00fan se desconoce el nombre del tercer menor muerto.<\/p>\n<p>Los agresores utilizaron armas de calibre 9 mm y al parecer, se tratar\u00eda de una venganza. Adem\u00e1s de los tres adolescentes muertos, hirieron a otro menor, mientras que cuatro j\u00f3venes lograron escapar.<\/p>\n<p>La polic\u00eda ya tiene en su poder el video de seguridad con las im\u00e1genes de los hechos, al igual que el auto utilizado por los asesinos que dejaron el auto a unas cuadras del hecho.<\/p>\n<p><strong>Foto:Imagen Cr\u00f3nica TV<\/strong><\/p>\n<\/div>\n","protected":false},"excerpt":{"rendered":"<p>Las v\u00edctimas fueron sorprendidas cuando estaban al costado de un pared\u00f3n. De acuerdo con testigos, los disparos salieron desde un veh\u00edculo negro, que ya est\u00e1 en poder policial. En un confuso episodio, tres menores de 16, 17 y 18 a\u00f1os fueron fusilados desde un auto en la localidad de Pablo Podest\u00e1, en el partido de&hellip;<\/p>\n","protected":false},"author":1,"featured_media":0,"comment_status":"open","ping_status":"open","sticky":false,"template":"","format":"standard","meta":{"footnotes":""},"categories":[22],"tags":[14758,14759,363,14760,13766,14761,30,10975,14757],"class_list":["post-31786","post","type-post","status-publish","format-standard","hentry","category-policiales","tag-acribillados","tag-alexis-bracamonte","tag-asesinato","tag-lucas-diaz","tag-pablo-podesta","tag-pistolas-9-m-m","tag-policia","tag-tres-de-febrero","tag-villa-paris"],"_links":{"self":[{"href":"https:\/\/www.elsindical.com.ar\/notas\/wp-json\/wp\/v2\/posts\/31786","targetHints":{"allow":["GET"]}}],"collection":[{"href":"https:\/\/www.elsindical.com.ar\/notas\/wp-json\/wp\/v2\/posts"}],"about":[{"href":"https:\/\/www.elsindical.com.ar\/notas\/wp-json\/wp\/v2\/types\/post"}],"author":[{"embeddable":true,"href":"https:\/\/www.elsindical.com.ar\/notas\/wp-json\/wp\/v2\/users\/1"}],"replies":[{"embeddable":true,"href":"https:\/\/www.elsindical.com.ar\/notas\/wp-json\/wp\/v2\/comments?post=31786"}],"version-history":[{"count":2,"href":"https:\/\/www.elsindical.com.ar\/notas\/wp-json\/wp\/v2\/posts\/31786\/revisions"}],"predecessor-version":[{"id":31789,"href":"https:\/\/www.elsindical.com.ar\/notas\/wp-json\/wp\/v2\/posts\/31786\/revisions\/31789"}],"wp:attachment":[{"href":"https:\/\/www.elsindical.com.ar\/notas\/wp-json\/wp\/v2\/media?parent=31786"}],"wp:term":[{"taxonomy":"category","embeddable":true,"href":"https:\/\/www.elsindical.com.ar\/notas\/wp-json\/wp\/v2\/categories?post=31786"},{"taxonomy":"post_tag","embeddable":true,"href":"https:\/\/www.elsindical.com.ar\/notas\/wp-json\/wp\/v2\/tags?post=31786"}],"curies":[{"name":"wp","href":"https:\/\/api.w.org\/{rel}","templated":true}]}}