{"id":31753,"date":"2013-01-14T12:45:06","date_gmt":"2013-01-14T15:45:06","guid":{"rendered":"http:\/\/www.elsindical.com.ar\/notas\/?p=31753"},"modified":"2013-01-14T12:45:06","modified_gmt":"2013-01-14T15:45:06","slug":"mar-del-platarenuncio-el-cuestionado-jefe-departamental-de-la-policia-bonaerense","status":"publish","type":"post","link":"https:\/\/www.elsindical.com.ar\/notas\/mar-del-platarenuncio-el-cuestionado-jefe-departamental-de-la-policia-bonaerense\/","title":{"rendered":"Mar del Plata:Renunci\u00f3 el cuestionado Jefe Departamental de la Polic\u00eda Bonaerense"},"content":{"rendered":"<p style=\"text-align: justify;\"><em><img loading=\"lazy\" decoding=\"async\" class=\"alignleft size-medium wp-image-31754\" alt=\"Comisario-Inspector-Ram\u00f3n-Jorge-Negretti\" src=\"http:\/\/www.elsindical.com.ar\/notas\/var\/www\/html\/notas\/wp-content\/uploads\/2013\/01\/Comisario-Inspector-Ram\u00f3n-Jorge-Negretti-300x222.jpg\" width=\"300\" height=\"222\" srcset=\"https:\/\/www.elsindical.com.ar\/notas\/var\/www\/html\/notas\/wp-content\/uploads\/2013\/01\/Comisario-Inspector-Ram\u00f3n-Jorge-Negretti-300x222.jpg 300w, https:\/\/www.elsindical.com.ar\/notas\/var\/www\/html\/notas\/wp-content\/uploads\/2013\/01\/Comisario-Inspector-Ram\u00f3n-Jorge-Negretti-405x300.jpg 405w, https:\/\/www.elsindical.com.ar\/notas\/var\/www\/html\/notas\/wp-content\/uploads\/2013\/01\/Comisario-Inspector-Ram\u00f3n-Jorge-Negretti.jpg 443w\" sizes=\"auto, (max-width: 300px) 100vw, 300px\" \/>El Comisario Inspector Ram\u00f3n Jorge Negretti dej\u00f3 su cargo a ra\u00edz de los cuestionamientos que recibi\u00f3 tras dos asesinatos en asaltos ocurridos en la primera semana del 2013 y otras denuncias por su desempe\u00f1o en anteriores destinos, donde estaba sospechado de actos de corrupci\u00f3n.<\/em><\/p>\n<p style=\"text-align: justify;\">El Comisario Inspector \u00a0Ram\u00f3n Jorge Negretti renunci\u00f3 ayer a su cargo como jefe de Polic\u00eda de Mar del Plata, a ra\u00edz de los cuestionamientos que &#8211;tras dos cr\u00edmenes en asaltos ocurridos en los primeros d\u00edas del a\u00f1o&#8211; hab\u00eda recibido d\u00edas atr\u00e1s.<\/p>\n<p style=\"text-align: justify;\">La renuncia fue aceptada por el ministro de Seguridad bonaerense, Ricardo Casal, quien -por el momento- dej\u00f3 a cargo de la Jefatura Departamental Mar del Plata al Jefe de la Superintendencia de Seguridad Interior- regi\u00f3n Sur, Comisario General H\u00e9ctor Abel Maggi.<\/p>\n<p style=\"text-align: justify;\">En un comunicado de prensa, la Superintendecia de Seguridad cit\u00f3 un fragmento de la carta enviada por Negretti en la que explicitaba las razones de su renuncia. En ese texto, Negretti expresaba: <em>\u201cDirijo a usted la presente con motivo de<strong> publicaciones en diferentes medios, cuestionando mi desemple\u00f1o <\/strong>como Jefe Departamental de Seguridad de Mar del Plata, a fin de colaborar con la transparencia e integridad de cualquier investigaci\u00f3n judicial y\/o administrativa\u201d.<\/em><\/p>\n<p style=\"text-align: justify;\">Negretti era Jefe de la Polic\u00eda de Mar del Plata desde junio pasado. Hab\u00eda sido fuertemente criticado desde diversos sectores, pol\u00edticos y foros de seguridad a ra\u00edz de los dos \u00faltimos cr\u00edmenes \u2013ocurridos durante asaltos- registrados en la primera semana del 2013. Tambi\u00e9n su designaci\u00f3n fue cuestionada por distintos hechos de corrupci\u00f3n en los que se lo se\u00f1alaba como part\u00edcipe y una revuelta generada entre los efectivos policiales a su llegada a Mar del Plata, donde incluso dos Sargentos se encadenaron en las puertas del edificio municipal.<\/p>\n","protected":false},"excerpt":{"rendered":"<p>El Comisario Inspector Ram\u00f3n Jorge Negretti dej\u00f3 su cargo a ra\u00edz de los cuestionamientos que recibi\u00f3 tras dos asesinatos en asaltos ocurridos en la primera semana del 2013 y otras denuncias por su desempe\u00f1o en anteriores destinos, donde estaba sospechado de actos de corrupci\u00f3n. El Comisario Inspector \u00a0Ram\u00f3n Jorge Negretti renunci\u00f3 ayer a su cargo&hellip;<\/p>\n","protected":false},"author":1,"featured_media":0,"comment_status":"open","ping_status":"open","sticky":false,"template":"","format":"standard","meta":{"footnotes":""},"categories":[22],"tags":[14744,14743,1673,3852],"class_list":["post-31753","post","type-post","status-publish","format-standard","hentry","category-policiales","tag-comisario-general-hector-abel-maggi","tag-comisario-inspector-ramon-jorge-negretti","tag-mar-del-plata","tag-ricardo-casal"],"_links":{"self":[{"href":"https:\/\/www.elsindical.com.ar\/notas\/wp-json\/wp\/v2\/posts\/31753","targetHints":{"allow":["GET"]}}],"collection":[{"href":"https:\/\/www.elsindical.com.ar\/notas\/wp-json\/wp\/v2\/posts"}],"about":[{"href":"https:\/\/www.elsindical.com.ar\/notas\/wp-json\/wp\/v2\/types\/post"}],"author":[{"embeddable":true,"href":"https:\/\/www.elsindical.com.ar\/notas\/wp-json\/wp\/v2\/users\/1"}],"replies":[{"embeddable":true,"href":"https:\/\/www.elsindical.com.ar\/notas\/wp-json\/wp\/v2\/comments?post=31753"}],"version-history":[{"count":1,"href":"https:\/\/www.elsindical.com.ar\/notas\/wp-json\/wp\/v2\/posts\/31753\/revisions"}],"predecessor-version":[{"id":31755,"href":"https:\/\/www.elsindical.com.ar\/notas\/wp-json\/wp\/v2\/posts\/31753\/revisions\/31755"}],"wp:attachment":[{"href":"https:\/\/www.elsindical.com.ar\/notas\/wp-json\/wp\/v2\/media?parent=31753"}],"wp:term":[{"taxonomy":"category","embeddable":true,"href":"https:\/\/www.elsindical.com.ar\/notas\/wp-json\/wp\/v2\/categories?post=31753"},{"taxonomy":"post_tag","embeddable":true,"href":"https:\/\/www.elsindical.com.ar\/notas\/wp-json\/wp\/v2\/tags?post=31753"}],"curies":[{"name":"wp","href":"https:\/\/api.w.org\/{rel}","templated":true}]}}