{"id":31751,"date":"2013-01-14T12:09:21","date_gmt":"2013-01-14T15:09:21","guid":{"rendered":"http:\/\/www.elsindical.com.ar\/notas\/?p=31751"},"modified":"2013-01-14T12:09:21","modified_gmt":"2013-01-14T15:09:21","slug":"corte-de-luz-afecta-a-vecinos-de-once-almagro-y-congreso-en-avellaneda-tambien-hay-cortes","status":"publish","type":"post","link":"https:\/\/www.elsindical.com.ar\/notas\/corte-de-luz-afecta-a-vecinos-de-once-almagro-y-congreso-en-avellaneda-tambien-hay-cortes\/","title":{"rendered":"Corte de luz afecta a vecinos de Once, Almagro y Congreso, en Avellaneda tambi\u00e9n hay cortes"},"content":{"rendered":"<p style=\"text-align: justify;\"><em><img loading=\"lazy\" decoding=\"async\" class=\"alignleft size-medium wp-image-20302\" alt=\"corte-de-luz\" src=\"http:\/\/www.elsindical.com.ar\/notas\/var\/www\/html\/notas\/wp-content\/uploads\/2012\/01\/corte-de-luz-300x240.jpg\" width=\"300\" height=\"240\" srcset=\"https:\/\/www.elsindical.com.ar\/notas\/var\/www\/html\/notas\/wp-content\/uploads\/2012\/01\/corte-de-luz-300x240.jpg 300w, https:\/\/www.elsindical.com.ar\/notas\/var\/www\/html\/notas\/wp-content\/uploads\/2012\/01\/corte-de-luz.jpg 325w\" sizes=\"auto, (max-width: 300px) 100vw, 300px\" \/>Un apag\u00f3n se registra en esos barrios de la Capital Federal. Vecinos reportan que tambi\u00e9n hay problemas en el partido bonaerense de<strong> Avellaneda<\/strong>. La empresa Edesur aclar\u00f3 que \u00ab<strong>no hay nada inusual<\/strong>\u00ab, obvio, hasta ellos reconocen los cortes como algo habitual.<\/em><\/p>\n<p style=\"text-align: justify;\">Un nuevo apag\u00f3n se registra en la Ciudad de Buenos de Aires. Seg\u00fan reportan los vecinos, los inconvenientes se presentan en los barrios de <strong>Almagro, Congreso y Once<\/strong>.<\/p>\n<p style=\"text-align: justify;\">Adem\u00e1s, tambi\u00e9n existen denuncias de bajas de tensi\u00f3n en el partido bonaerense de<strong> Avellaneda<\/strong>.<\/p>\n<p style=\"text-align: justify;\">A pesar de que miles de usuarios han perdido alimentos y electrodom\u00e9sticos por los cortes, ni el gobierno de la Ciudad, ni el gobierno nacional, han hecho algo por sancionar de forma ejemplar a las empresas de energ\u00eda el\u00e9ctrica, y estas no han cumplido en resarcir a los usuarios afectados. Sin controles las empresas seguir\u00e1n sin invertir, solucionando los problemas moment\u00e1neamente.<\/p>\n","protected":false},"excerpt":{"rendered":"<p>Un apag\u00f3n se registra en esos barrios de la Capital Federal. Vecinos reportan que tambi\u00e9n hay problemas en el partido bonaerense de Avellaneda. La empresa Edesur aclar\u00f3 que \u00abno hay nada inusual\u00ab, obvio, hasta ellos reconocen los cortes como algo habitual. Un nuevo apag\u00f3n se registra en la Ciudad de Buenos de Aires. Seg\u00fan reportan&hellip;<\/p>\n","protected":false},"author":1,"featured_media":0,"comment_status":"open","ping_status":"open","sticky":false,"template":"","format":"standard","meta":{"footnotes":""},"categories":[6],"tags":[1729,461,86,10073,374,1629],"class_list":["post-31751","post","type-post","status-publish","format-standard","hentry","category-denuncias","tag-almagro","tag-avellaneda","tag-congreso","tag-corte-de-luz","tag-edesur","tag-once"],"_links":{"self":[{"href":"https:\/\/www.elsindical.com.ar\/notas\/wp-json\/wp\/v2\/posts\/31751","targetHints":{"allow":["GET"]}}],"collection":[{"href":"https:\/\/www.elsindical.com.ar\/notas\/wp-json\/wp\/v2\/posts"}],"about":[{"href":"https:\/\/www.elsindical.com.ar\/notas\/wp-json\/wp\/v2\/types\/post"}],"author":[{"embeddable":true,"href":"https:\/\/www.elsindical.com.ar\/notas\/wp-json\/wp\/v2\/users\/1"}],"replies":[{"embeddable":true,"href":"https:\/\/www.elsindical.com.ar\/notas\/wp-json\/wp\/v2\/comments?post=31751"}],"version-history":[{"count":1,"href":"https:\/\/www.elsindical.com.ar\/notas\/wp-json\/wp\/v2\/posts\/31751\/revisions"}],"predecessor-version":[{"id":31752,"href":"https:\/\/www.elsindical.com.ar\/notas\/wp-json\/wp\/v2\/posts\/31751\/revisions\/31752"}],"wp:attachment":[{"href":"https:\/\/www.elsindical.com.ar\/notas\/wp-json\/wp\/v2\/media?parent=31751"}],"wp:term":[{"taxonomy":"category","embeddable":true,"href":"https:\/\/www.elsindical.com.ar\/notas\/wp-json\/wp\/v2\/categories?post=31751"},{"taxonomy":"post_tag","embeddable":true,"href":"https:\/\/www.elsindical.com.ar\/notas\/wp-json\/wp\/v2\/tags?post=31751"}],"curies":[{"name":"wp","href":"https:\/\/api.w.org\/{rel}","templated":true}]}}