{"id":31733,"date":"2013-01-14T01:11:02","date_gmt":"2013-01-14T04:11:02","guid":{"rendered":"http:\/\/www.elsindical.com.ar\/notas\/?p=31733"},"modified":"2013-01-14T01:11:02","modified_gmt":"2013-01-14T04:11:02","slug":"neuquentemporal-dejo-miles-de-evacuados-y-danos","status":"publish","type":"post","link":"https:\/\/www.elsindical.com.ar\/notas\/neuquentemporal-dejo-miles-de-evacuados-y-danos\/","title":{"rendered":"Neuqu\u00e9n:Temporal dej\u00f3 miles de evacuados y da\u00f1os"},"content":{"rendered":"<p style=\"text-align: justify;\"><em><img loading=\"lazy\" decoding=\"async\" class=\"alignleft size-medium wp-image-31734\" alt=\"Neuqu\u00e9n-temporal\" src=\"http:\/\/www.elsindical.com.ar\/notas\/var\/www\/html\/notas\/wp-content\/uploads\/2013\/01\/Neuqu\u00e9n-temporal-300x206.jpg\" width=\"300\" height=\"206\" srcset=\"https:\/\/www.elsindical.com.ar\/notas\/var\/www\/html\/notas\/wp-content\/uploads\/2013\/01\/Neuqu\u00e9n-temporal-300x206.jpg 300w, https:\/\/www.elsindical.com.ar\/notas\/var\/www\/html\/notas\/wp-content\/uploads\/2013\/01\/Neuqu\u00e9n-temporal-436x300.jpg 436w, https:\/\/www.elsindical.com.ar\/notas\/var\/www\/html\/notas\/wp-content\/uploads\/2013\/01\/Neuqu\u00e9n-temporal.jpg 502w\" sizes=\"auto, (max-width: 300px) 100vw, 300px\" \/>Tras el alerta por altas temperaturas, el temporal afect\u00f3 a toda la provincia.<\/em><\/p>\n<p style=\"text-align: justify;\">Un fuerte temporal afect\u00f3 a la provincia de Neuqu\u00e9n. Si bien se registraron da\u00f1os e inundaciones en varias zonas de la provincia, una de las localidades m\u00e1s afectadas fue la de <strong>Mall\u00edn Quemado<\/strong>, a 250 kil\u00f3metros de la capital, <strong>que sufri\u00f3 un alud que provoc\u00f3 grandes da\u00f1os materiales y la evacuaci\u00f3n de, al menos, tres familias<\/strong>. En la localidad de Cultral-C\u00f3 se registr\u00f3 un hecho similar. Seg\u00fan trascendi\u00f3, no hubo heridos de gravedad pero s\u00ed destrozos.<\/p>\n<p style=\"text-align: justify;\">Desde la madrugada, la provincia -que sufr\u00eda la ola de calor en los \u00faltimos d\u00edas- recibi\u00f3 una intensa lluvia y fuertes vientos. En la capital neuquina, el temporal oblig\u00f3 a las autoridades municipales a trabajar para <strong>destapar los canales<\/strong> principales, seg\u00fan consign\u00f3 <em>La Ma\u00f1ana de Nequ\u00e9n<\/em>.<\/p>\n<p style=\"text-align: justify;\">El paraje Mall\u00edn Quemado -mayormente integrado por familias de <strong>la comunidad mapuche Chequel<\/strong>-, ubicado en Las Lajas, a 250 kil\u00f3metros de la capital, se llev\u00f3 la peor parte: sufri\u00f3 un alud a causa del temporal que dej\u00f3 a tres familias evacuadas, seg\u00fan inform\u00f3 el <em>diario de R\u00edo Negro<\/em>. El alud provoc\u00f3 <strong>graves da\u00f1os materiales<\/strong> y requiri\u00f3 la intervenci\u00f3n de la polic\u00eda local y Defensa Civil, destacaron los medios locales.<\/p>\n<p style=\"text-align: justify;\">Algo similar ocurri\u00f3 en distintos barrios postergados de <strong>Cutral-C\u00f3<\/strong>, a 109 kil\u00f3metros de la capital, donde los Bomberos Voluntarios tuvieron que asistir a la poblaci\u00f3n ante la ausencia de personal de Defensa Civil.<\/p>\n<p style=\"text-align: justify;\">La fuerte lluvia, en tanto, caus\u00f3 la interrupci\u00f3n del tr\u00e1nsito en la ruta provincial 10, que une Las Lajas con Bajada del Agrio, donde qued\u00f3 interrumpido el servicio el\u00e9ctrico debido a la ca\u00edda de postes de energ\u00eda.<\/p>\n<p style=\"text-align: justify;\">Mientras tanto, en General Roca y Cipoletti la tormenta aneg\u00f3 el centro de la ciudad.<\/p>\n","protected":false},"excerpt":{"rendered":"<p>Tras el alerta por altas temperaturas, el temporal afect\u00f3 a toda la provincia. Un fuerte temporal afect\u00f3 a la provincia de Neuqu\u00e9n. Si bien se registraron da\u00f1os e inundaciones en varias zonas de la provincia, una de las localidades m\u00e1s afectadas fue la de Mall\u00edn Quemado, a 250 kil\u00f3metros de la capital, que sufri\u00f3 un&hellip;<\/p>\n","protected":false},"author":1,"featured_media":0,"comment_status":"open","ping_status":"open","sticky":false,"template":"","format":"standard","meta":{"footnotes":""},"categories":[25],"tags":[14738,2622,9014,2569,1326,1284],"class_list":["post-31733","post","type-post","status-publish","format-standard","hentry","category-sociedad","tag-alud","tag-destrozos","tag-evacuados","tag-lluvia","tag-neuquen","tag-temporal"],"_links":{"self":[{"href":"https:\/\/www.elsindical.com.ar\/notas\/wp-json\/wp\/v2\/posts\/31733","targetHints":{"allow":["GET"]}}],"collection":[{"href":"https:\/\/www.elsindical.com.ar\/notas\/wp-json\/wp\/v2\/posts"}],"about":[{"href":"https:\/\/www.elsindical.com.ar\/notas\/wp-json\/wp\/v2\/types\/post"}],"author":[{"embeddable":true,"href":"https:\/\/www.elsindical.com.ar\/notas\/wp-json\/wp\/v2\/users\/1"}],"replies":[{"embeddable":true,"href":"https:\/\/www.elsindical.com.ar\/notas\/wp-json\/wp\/v2\/comments?post=31733"}],"version-history":[{"count":1,"href":"https:\/\/www.elsindical.com.ar\/notas\/wp-json\/wp\/v2\/posts\/31733\/revisions"}],"predecessor-version":[{"id":31735,"href":"https:\/\/www.elsindical.com.ar\/notas\/wp-json\/wp\/v2\/posts\/31733\/revisions\/31735"}],"wp:attachment":[{"href":"https:\/\/www.elsindical.com.ar\/notas\/wp-json\/wp\/v2\/media?parent=31733"}],"wp:term":[{"taxonomy":"category","embeddable":true,"href":"https:\/\/www.elsindical.com.ar\/notas\/wp-json\/wp\/v2\/categories?post=31733"},{"taxonomy":"post_tag","embeddable":true,"href":"https:\/\/www.elsindical.com.ar\/notas\/wp-json\/wp\/v2\/tags?post=31733"}],"curies":[{"name":"wp","href":"https:\/\/api.w.org\/{rel}","templated":true}]}}