{"id":31730,"date":"2013-01-14T00:53:41","date_gmt":"2013-01-14T03:53:41","guid":{"rendered":"http:\/\/www.elsindical.com.ar\/notas\/?p=31730"},"modified":"2013-01-14T00:53:41","modified_gmt":"2013-01-14T03:53:41","slug":"chileconmocion-por-matanza-callejera-de-perros","status":"publish","type":"post","link":"https:\/\/www.elsindical.com.ar\/notas\/chileconmocion-por-matanza-callejera-de-perros\/","title":{"rendered":"Chile:Conmoci\u00f3n por matanza callejera de perros"},"content":{"rendered":"<div style=\"text-align: justify;\">\n<p><em><img loading=\"lazy\" decoding=\"async\" class=\"alignleft size-medium wp-image-31731\" alt=\"matanza-de-perros-Chile\" src=\"http:\/\/www.elsindical.com.ar\/notas\/var\/www\/html\/notas\/wp-content\/uploads\/2013\/01\/matanza-de-perros-Chile-300x224.jpg\" width=\"300\" height=\"224\" srcset=\"https:\/\/www.elsindical.com.ar\/notas\/var\/www\/html\/notas\/wp-content\/uploads\/2013\/01\/matanza-de-perros-Chile-300x224.jpg 300w, https:\/\/www.elsindical.com.ar\/notas\/var\/www\/html\/notas\/wp-content\/uploads\/2013\/01\/matanza-de-perros-Chile-400x300.jpg 400w, https:\/\/www.elsindical.com.ar\/notas\/var\/www\/html\/notas\/wp-content\/uploads\/2013\/01\/matanza-de-perros-Chile.jpg 502w\" sizes=\"auto, (max-width: 300px) 100vw, 300px\" \/>D\u00edas atr\u00e1s, el obispo de Punta Arenas hab\u00eda asegurado que Dios autoriza a exterminar esos animales. La ciudad amaneci\u00f3 con m\u00e1s de 15 canes con signos de haber sido envenenados.\u00a0<\/em><\/p>\n<\/div>\n<div style=\"text-align: justify;\">\n<p>En esa ciudad austral se hizo un relevamiento en que se confirmaba que unos 12.000 perros habitaban sin due\u00f1o las calles, luego de que un hombre de 73 a\u00f1os fuera atacado por seis de ellos, debiendo ser socorrido por Carabineros.<\/p>\n<p>Tras ello, el obispo de Punta Arenas, Bernardo Bastres, encendi\u00f3 la pol\u00e9mica al declarar que \u00abDios cre\u00f3 las cosas y las puso al servicio del ser humano, ese es el principio del G\u00e9nesis. Todo est\u00e1 al servicio nuestro\u00bb.<\/p>\n<p>\u00abYo no estoy por matar al perro por matar perros, porque eso ser\u00eda una cosa de barbarie. Pero no puede ser que en este momento tengamos una invasi\u00f3n de perros y tengan m\u00e1s derechos que nosotros\u00bb, sentenci\u00f3.<\/p>\n<p>El rechazo por parte de las organizaciones de defensa de los animales no se hizo esperar, incluso con amenazas de denunciar al obispo por sus declaraciones, aunque la ma\u00f1ana de este domingo todo tom\u00f3 un color m\u00e1s oscuro.<\/p>\n<p>La UDDA (Uni\u00f3n de Defensa del Derecho Animal) denunci\u00f3 que m\u00e1s de 15 perros fueron encontrados con signos de envenenamiento en las calles de Punta Arenas, y declararon que se tomar\u00e1n las acciones que correspondan.<\/p>\n<p>\u00abNo s\u00f3lo eran perros callejeros los que fueron sacrificados. Alrededor de cinco personas denunciaron lamuerte de sus animales en esta matanza\u00bb, afirm\u00f3 Valeria Mu\u00f1oz, presidenta de UDDA.<\/p>\n<p>\u00abAc\u00e1 se est\u00e1 armando una tremenda manifestaci\u00f3n en contra del Obispo. No s\u00f3lo nosotros, sino la gente particular que est\u00e1 muy molesta por sus dichos y por lo que pas\u00f3 en la ma\u00f1ana. Fue tremendo\u00bb, cerr\u00f3 Mu\u00f1oz.<\/p>\n<\/div>\n","protected":false},"excerpt":{"rendered":"<p>D\u00edas atr\u00e1s, el obispo de Punta Arenas hab\u00eda asegurado que Dios autoriza a exterminar esos animales. La ciudad amaneci\u00f3 con m\u00e1s de 15 canes con signos de haber sido envenenados.\u00a0 En esa ciudad austral se hizo un relevamiento en que se confirmaba que unos 12.000 perros habitaban sin due\u00f1o las calles, luego de que un&hellip;<\/p>\n","protected":false},"author":1,"featured_media":0,"comment_status":"open","ping_status":"open","sticky":false,"template":"","format":"standard","meta":{"footnotes":""},"categories":[18],"tags":[1814,1200,2480,468],"class_list":["post-31730","post","type-post","status-publish","format-standard","hentry","category-internacionales","tag-callejeros","tag-chile","tag-matanza","tag-perros"],"_links":{"self":[{"href":"https:\/\/www.elsindical.com.ar\/notas\/wp-json\/wp\/v2\/posts\/31730","targetHints":{"allow":["GET"]}}],"collection":[{"href":"https:\/\/www.elsindical.com.ar\/notas\/wp-json\/wp\/v2\/posts"}],"about":[{"href":"https:\/\/www.elsindical.com.ar\/notas\/wp-json\/wp\/v2\/types\/post"}],"author":[{"embeddable":true,"href":"https:\/\/www.elsindical.com.ar\/notas\/wp-json\/wp\/v2\/users\/1"}],"replies":[{"embeddable":true,"href":"https:\/\/www.elsindical.com.ar\/notas\/wp-json\/wp\/v2\/comments?post=31730"}],"version-history":[{"count":1,"href":"https:\/\/www.elsindical.com.ar\/notas\/wp-json\/wp\/v2\/posts\/31730\/revisions"}],"predecessor-version":[{"id":31732,"href":"https:\/\/www.elsindical.com.ar\/notas\/wp-json\/wp\/v2\/posts\/31730\/revisions\/31732"}],"wp:attachment":[{"href":"https:\/\/www.elsindical.com.ar\/notas\/wp-json\/wp\/v2\/media?parent=31730"}],"wp:term":[{"taxonomy":"category","embeddable":true,"href":"https:\/\/www.elsindical.com.ar\/notas\/wp-json\/wp\/v2\/categories?post=31730"},{"taxonomy":"post_tag","embeddable":true,"href":"https:\/\/www.elsindical.com.ar\/notas\/wp-json\/wp\/v2\/tags?post=31730"}],"curies":[{"name":"wp","href":"https:\/\/api.w.org\/{rel}","templated":true}]}}