{"id":3162,"date":"2010-01-27T15:23:07","date_gmt":"2010-01-27T18:23:07","guid":{"rendered":"http:\/\/www.elsindical.com.ar\/notas\/?p=3162"},"modified":"2010-01-27T15:23:07","modified_gmt":"2010-01-27T18:23:07","slug":"mafia-de-los-remedios-piden-que-la-mujer-de-zanola-vuelva-a-prision","status":"publish","type":"post","link":"https:\/\/www.elsindical.com.ar\/notas\/mafia-de-los-remedios-piden-que-la-mujer-de-zanola-vuelva-a-prision\/","title":{"rendered":"Mafia de los remedios: piden que la mujer de Zanola vuelva a prisi\u00f3n"},"content":{"rendered":"<p style=\"text-align: justify;\"><a href=\"http:\/\/www.elsindical.com.ar\/notas\/var\/www\/html\/notas\/wp-content\/uploads\/2010\/01\/Paula-Aballay1.jpg\"><img loading=\"lazy\" decoding=\"async\" class=\"alignleft size-full wp-image-3163\" title=\"Paula-Aballay\" src=\"http:\/\/www.elsindical.com.ar\/notas\/var\/www\/html\/notas\/wp-content\/uploads\/2010\/01\/Paula-Aballay1.jpg\" alt=\"\" width=\"198\" height=\"110\" \/><\/a>El fiscal de la C\u00e1mara Federal porte\u00f1a, <strong>Germ\u00e1n Moldes<\/strong>,\u00a0reclam\u00f3 hoy a la C\u00e1mara de Casaci\u00f3n Penal que ordene el\u00a0regreso a prisi\u00f3n la pareja del dirigente bancario, <strong>Paula Aballay<\/strong>. Su<strong> liberaci\u00f3n fue un \u00abesc\u00e1ndalo\u00bb<\/strong>, argument\u00f3.<\/p>\n<p id=\"cuerpoNota\" style=\"text-align: justify;\">El fiscal consider\u00f3 que su liberaci\u00f3n, ordenada hace dos semanas por un tribunal de feria, es<strong> \u00abun esc\u00e1ndalo jur\u00eddico<\/strong>\u00bb y una \u00ab<strong>clara violaci\u00f3n del art\u00edculo 16 de nuestra Constituci\u00f3n Nacional<\/strong>\u00ab, que consagra la igualdad ante la ley.<\/p>\n<p>Moldes reiter\u00f3 su negativa a la resoluci\u00f3n de la sala uno de la C\u00e1mara Federal, <strong>que con el voto de los camaristas Eduardo Freiler y Jorge Ballestero, dej\u00f3 en libertad a Aballay pese a que el juez Norberto Oyarbide la proces\u00f3 en la causa de la \u00abmafia de los medicamentos\u00bb como organizadora de una asociaci\u00f3n il\u00edcita <\/strong>mientras que otros imputados solo como participes siguen presos.<\/p>\n<p>El pedido del fiscal se conoci\u00f3 luego de que el ex juez Mariano Berges, defensor de una de esas detenidas, <strong>denunciar\u00e1 penalmente hoy\u00a0en el juzgado federal de Juli\u00e1n Ercolini a los camaristas Freiler y Ballestero, a quien calific\u00f3 como \u00abcorruptos magistrados\u00bb\u00bb y al propio Moldes, a quien tild\u00f3 de \u00abcanalla<\/strong>\u00ab.<\/p>\n<p style=\"text-align: justify;\">Fuente: T\u00e9lam<\/p>\n","protected":false},"excerpt":{"rendered":"<p>El fiscal de la C\u00e1mara Federal porte\u00f1a, Germ\u00e1n Moldes,\u00a0reclam\u00f3 hoy a la C\u00e1mara de Casaci\u00f3n Penal que ordene el\u00a0regreso a prisi\u00f3n la pareja del dirigente bancario, Paula Aballay. Su liberaci\u00f3n fue un \u00abesc\u00e1ndalo\u00bb, argument\u00f3. El fiscal consider\u00f3 que su liberaci\u00f3n, ordenada hace dos semanas por un tribunal de feria, es \u00abun esc\u00e1ndalo jur\u00eddico\u00bb y una&hellip;<\/p>\n","protected":false},"author":1,"featured_media":0,"comment_status":"open","ping_status":"open","sticky":false,"template":"","format":"standard","meta":{"footnotes":""},"categories":[20],"tags":[1695,1696,1694,1697,1698,431,1082],"class_list":["post-3162","post","type-post","status-publish","format-standard","hentry","category-judiciales","tag-camara-casacion-penal","tag-eduardo-freiler","tag-german-moldes","tag-jorge-ballestero","tag-mariano-berges","tag-norberto-oyarbide","tag-paula-margarita-aballay"],"_links":{"self":[{"href":"https:\/\/www.elsindical.com.ar\/notas\/wp-json\/wp\/v2\/posts\/3162","targetHints":{"allow":["GET"]}}],"collection":[{"href":"https:\/\/www.elsindical.com.ar\/notas\/wp-json\/wp\/v2\/posts"}],"about":[{"href":"https:\/\/www.elsindical.com.ar\/notas\/wp-json\/wp\/v2\/types\/post"}],"author":[{"embeddable":true,"href":"https:\/\/www.elsindical.com.ar\/notas\/wp-json\/wp\/v2\/users\/1"}],"replies":[{"embeddable":true,"href":"https:\/\/www.elsindical.com.ar\/notas\/wp-json\/wp\/v2\/comments?post=3162"}],"version-history":[{"count":2,"href":"https:\/\/www.elsindical.com.ar\/notas\/wp-json\/wp\/v2\/posts\/3162\/revisions"}],"predecessor-version":[{"id":3165,"href":"https:\/\/www.elsindical.com.ar\/notas\/wp-json\/wp\/v2\/posts\/3162\/revisions\/3165"}],"wp:attachment":[{"href":"https:\/\/www.elsindical.com.ar\/notas\/wp-json\/wp\/v2\/media?parent=3162"}],"wp:term":[{"taxonomy":"category","embeddable":true,"href":"https:\/\/www.elsindical.com.ar\/notas\/wp-json\/wp\/v2\/categories?post=3162"},{"taxonomy":"post_tag","embeddable":true,"href":"https:\/\/www.elsindical.com.ar\/notas\/wp-json\/wp\/v2\/tags?post=3162"}],"curies":[{"name":"wp","href":"https:\/\/api.w.org\/{rel}","templated":true}]}}