{"id":31549,"date":"2013-01-07T00:32:31","date_gmt":"2013-01-07T03:32:31","guid":{"rendered":"http:\/\/www.elsindical.com.ar\/notas\/?p=31549"},"modified":"2013-01-07T00:32:31","modified_gmt":"2013-01-07T03:32:31","slug":"juninpiden-la-captura-de-un-hombre-acusado-de-matar-a-un-joven","status":"publish","type":"post","link":"https:\/\/www.elsindical.com.ar\/notas\/juninpiden-la-captura-de-un-hombre-acusado-de-matar-a-un-joven\/","title":{"rendered":"Jun\u00edn:Piden la captura de un hombre acusado de matar a un joven"},"content":{"rendered":"<p style=\"text-align: justify;\"><em><img loading=\"lazy\" decoding=\"async\" class=\"alignleft size-medium wp-image-31550\" alt=\"Iv\u00e1n-Ezequiel-Bolado\" src=\"http:\/\/www.elsindical.com.ar\/notas\/var\/www\/html\/notas\/wp-content\/uploads\/2013\/01\/Iv\u00e1n-Ezequiel-Bolado-300x200.jpg\" width=\"300\" height=\"200\" srcset=\"https:\/\/www.elsindical.com.ar\/notas\/var\/www\/html\/notas\/wp-content\/uploads\/2013\/01\/Iv\u00e1n-Ezequiel-Bolado-300x200.jpg 300w, https:\/\/www.elsindical.com.ar\/notas\/var\/www\/html\/notas\/wp-content\/uploads\/2013\/01\/Iv\u00e1n-Ezequiel-Bolado-449x300.jpg 449w, https:\/\/www.elsindical.com.ar\/notas\/var\/www\/html\/notas\/wp-content\/uploads\/2013\/01\/Iv\u00e1n-Ezequiel-Bolado.jpg 502w\" sizes=\"auto, (max-width: 300px) 100vw, 300px\" \/>Un Fiscal solicit\u00f3 la captura de un hombre acusado de haber asesinado a balazos a Juan Ezequiel Alturria, en la localidad bonaerense de Jun\u00edn, tras una discusi\u00f3n durante la madrugada del a\u00f1o nuevo, informaron fuentes judiciales.<\/em><\/p>\n<p style=\"text-align: justify;\">Adem\u00e1s, la Fiscal\u00eda General del Departamento Judicial de esa ciudad del noroeste de la provincia de Buenos Aires difundi\u00f3 la fotograf\u00eda de Iv\u00e1n Ezequiel Bolado (29), \u00fanico imputado del \u00abhomicidio agravado por el uso de arma de fuego\u00bb de Alturria (24).<\/p>\n<p>Fuentes judiciales informaron que el Fiscal Carlos Angel Colimedaglia, a cargo de la Unidad Funcional de Instrucci\u00f3n (UFI) 3 de Jun\u00edn, pidi\u00f3 la inmediata detenci\u00f3n del acusado, lo que aceptado por el Juez de Garant\u00edas subrogante, Marcos Cornaglia.<\/p>\n<p>\u00abPedimos Justicia porque no se puede matar a las personas porque s\u00ed\u00bb, dijo Soledad, t\u00eda del joven asesinado.<\/p>\n<p>El crimen de Alturria ocurri\u00f3 en la madrugada del 1 de enero \u00faltimo, en una casa situada en la calle Trabajadores Argentinos 1550, de Jun\u00edn.<\/p>\n<p>Seg\u00fan las fuentes, horas antes del homicidio, Alturria hab\u00eda discutido con un vecino y luego continu\u00f3 con los festejos del A\u00f1o Nuevo en la vivienda de su padre junto a su actual esposa, dos de sus hijos y otros integrantes de la familia.<\/p>\n<p>De acuerdo a los investigadores, en esas circunstancias el vecino de Alturria irrumpi\u00f3 armado en esa casa y efectu\u00f3 varios disparos, uno de los cuales impact\u00f3 en un ojo de la v\u00edctima, que cay\u00f3 muerto en la cocina.<\/p>\n<p>\u00abAntes de que lo mate a Juan, el hombre dispar\u00f3 contra el frente de la casa. Despu\u00e9s entr\u00f3 por el patio y vaci\u00f3 el cargador otra vez\u00bb, se\u00f1al\u00f3 la t\u00eda.<\/p>\n<p>Tras el ataque a tiros, el agresor huy\u00f3 de la escena del crimen a la carrera, mientras que los efectivos de la comisar\u00eda 1ra. de Jun\u00edn y de la Delegaci\u00f3n Departamental de Investigaciones (DDI) local comenzaron a obtener informaci\u00f3n de los testigos del hecho, lo que les permiti\u00f3 apuntar a Bolado.<\/p>\n<p>En tanto, los peritos secuestraron en el lugar del asesinato varios vainas servidas calibre 9 mil\u00edmetros, aunque hasta hoy tampoco hab\u00edan localizado el arma homicida.<\/p>\n<p>Por su parte, la t\u00eda de Alturria cont\u00f3 que la familia de la v\u00edctima pidi\u00f3 colocar custodia policial en su casa ya que, seg\u00fan la mujer, sufrieron amenazas de que iban a \u00abprenderla fuego\u00bb.<\/p>\n<p>\u00abLuego de que cometi\u00f3 el crimen de mi sobrino, el hombre bale\u00f3 el frente otra vez estando un patrullero en la puerta de la casa y escap\u00f3\u00bb, afirm\u00f3 Soledad, quien cont\u00f3 que Alturria trabajaba como alba\u00f1il junto con su padre.<\/p>\n<p>Adem\u00e1s, la v\u00edctima ten\u00eda tres hijos, una ni\u00f1a de 5 a\u00f1os producto de una relaci\u00f3n anterior y que vive con su madre, y un nene de tres y una beba de uno que viv\u00edan con \u00e9l y su pareja.<\/p>\n<p>\u00abEl padre est\u00e1 hecho pedazos, porque lo cri\u00f3 \u00e9l. No puede quedar impune el crimen de mi sobrino, espero que lo atrapen lo antes posible\u00bb, concluy\u00f3 la t\u00eda.<\/p>\n<p>Los testigos pueden aportar datos sobre el paradero de Bolado pueden hacerlo en la sede de la UFI 3, situada en Comandante Escribano 226 de Jun\u00edn; a los tel\u00e9fonos <strong>0236-4425810\/4425737\/4445073<\/strong>; a la direcci\u00f3n de correo electr\u00f3nico <strong><a href=\"mailto:infofiscaliajunin@mpba.gov.ar\">infofiscaliajunin@mpba.gov.ar<\/a><\/strong>, o a la dependencia policial m\u00e1s cercana.<\/p>\n<p style=\"text-align: justify;\">\n","protected":false},"excerpt":{"rendered":"<p>Un Fiscal solicit\u00f3 la captura de un hombre acusado de haber asesinado a balazos a Juan Ezequiel Alturria, en la localidad bonaerense de Jun\u00edn, tras una discusi\u00f3n durante la madrugada del a\u00f1o nuevo, informaron fuentes judiciales. Adem\u00e1s, la Fiscal\u00eda General del Departamento Judicial de esa ciudad del noroeste de la provincia de Buenos Aires difundi\u00f3&hellip;<\/p>\n","protected":false},"author":1,"featured_media":0,"comment_status":"open","ping_status":"open","sticky":false,"template":"","format":"standard","meta":{"footnotes":""},"categories":[22],"tags":[],"class_list":["post-31549","post","type-post","status-publish","format-standard","hentry","category-policiales"],"_links":{"self":[{"href":"https:\/\/www.elsindical.com.ar\/notas\/wp-json\/wp\/v2\/posts\/31549","targetHints":{"allow":["GET"]}}],"collection":[{"href":"https:\/\/www.elsindical.com.ar\/notas\/wp-json\/wp\/v2\/posts"}],"about":[{"href":"https:\/\/www.elsindical.com.ar\/notas\/wp-json\/wp\/v2\/types\/post"}],"author":[{"embeddable":true,"href":"https:\/\/www.elsindical.com.ar\/notas\/wp-json\/wp\/v2\/users\/1"}],"replies":[{"embeddable":true,"href":"https:\/\/www.elsindical.com.ar\/notas\/wp-json\/wp\/v2\/comments?post=31549"}],"version-history":[{"count":2,"href":"https:\/\/www.elsindical.com.ar\/notas\/wp-json\/wp\/v2\/posts\/31549\/revisions"}],"predecessor-version":[{"id":31552,"href":"https:\/\/www.elsindical.com.ar\/notas\/wp-json\/wp\/v2\/posts\/31549\/revisions\/31552"}],"wp:attachment":[{"href":"https:\/\/www.elsindical.com.ar\/notas\/wp-json\/wp\/v2\/media?parent=31549"}],"wp:term":[{"taxonomy":"category","embeddable":true,"href":"https:\/\/www.elsindical.com.ar\/notas\/wp-json\/wp\/v2\/categories?post=31549"},{"taxonomy":"post_tag","embeddable":true,"href":"https:\/\/www.elsindical.com.ar\/notas\/wp-json\/wp\/v2\/tags?post=31549"}],"curies":[{"name":"wp","href":"https:\/\/api.w.org\/{rel}","templated":true}]}}