{"id":31528,"date":"2013-01-04T20:41:26","date_gmt":"2013-01-04T23:41:26","guid":{"rendered":"http:\/\/www.elsindical.com.ar\/notas\/?p=31528"},"modified":"2013-01-04T20:41:26","modified_gmt":"2013-01-04T23:41:26","slug":"profesores-de-gimnasia-denuncian-despidos-del-gobierno-porteno","status":"publish","type":"post","link":"https:\/\/www.elsindical.com.ar\/notas\/profesores-de-gimnasia-denuncian-despidos-del-gobierno-porteno\/","title":{"rendered":"Profesores de gimnasia denuncian despidos del gobierno porte\u00f1o"},"content":{"rendered":"<p style=\"text-align: justify;\"><em><img loading=\"lazy\" decoding=\"async\" class=\"alignleft size-medium wp-image-31529\" alt=\"reclamos-UTE\" src=\"http:\/\/www.elsindical.com.ar\/notas\/var\/www\/html\/notas\/wp-content\/uploads\/2013\/01\/reclamos-UTE-234x300.jpg\" width=\"234\" height=\"300\" srcset=\"https:\/\/www.elsindical.com.ar\/notas\/var\/www\/html\/notas\/wp-content\/uploads\/2013\/01\/reclamos-UTE-234x300.jpg 234w, https:\/\/www.elsindical.com.ar\/notas\/var\/www\/html\/notas\/wp-content\/uploads\/2013\/01\/reclamos-UTE.jpg 325w\" sizes=\"auto, (max-width: 234px) 100vw, 234px\" \/>La Uni\u00f3n de Trabajadores de la Educaci\u00f3n (UTE) anunci\u00f3 que reclamar\u00e1n ante la Justicia y ante la Defensor\u00eda del Pueblo por los 92 docentes de educaci\u00f3n f\u00edsica cuyos contratos fueron dados de baja por el Ejecutivo.<\/em><\/p>\n<p style=\"text-align: justify;\">Eduardo L\u00f3pez, titular de UTE, explic\u00f3 en conferencia de prensa que realizar\u00e1n \u00abuna presentaci\u00f3n administrativa\u00bb, luego llevar\u00e1n el reclamo a la Defensor\u00eda del Pueblo y por \u00faltimo ir\u00e1n a la justicia por esos docentes en general, otra en particular por tres que est\u00e1n embarazadas y tambi\u00e9n por \u00abel programa\u00bb afectado.<\/p>\n<p>\u00abQueremos decirle a Mauricio Macri (jefe de gobierno) que as\u00ed como no pudo cerrar cursos y grados de las escuelas primarias, as\u00ed como no pudo cerrar el hospital Borda, no va a poder cerrar estos programas donde se mejora la calidad de vida y donde se brinda salud\u00bb, manifest\u00f3.<\/p>\n<p>L\u00f3pez detall\u00f3 que el gobierno de la Ciudad argument\u00f3 que \u00abno hay dinero para la continuidad de los contratos\u00bb, como principal motivo de su cancelaci\u00f3n.<\/p>\n<p>\u00abNo hay dinero para esto como no hay para la salud ni para la educaci\u00f3n. Esto no es un gasto, es una inversi\u00f3n, pero Macri no piensa lo mismo; por eso vamos a pelear por estos programas y no s\u00f3lo por los docentes despedidos sino tambi\u00e9n por los miles de usuarios\u00bb, argument\u00f3 el sindicalista.<\/p>\n<p>Los docentes despedidos daban clases de distintas disciplinas en espacios p\u00fablicos porte\u00f1os como parte de los programas \u00abPlazas Activas\u00bb y \u00abBuenos Aires Corre\u00bb, detall\u00f3 Ana R\u00edos, secretaria gremial de UTE, durante la conferencia de prensa frente a la Jefatura de Gabinete de la ciudad de Buenos Aires.<\/p>\n<p style=\"text-align: justify;\">R\u00edos dijo que por estos despidos en las plazas Matheu y Angel Gris y en los parques Patricios y Pereyra \u00abhan cerrado totalmente la actividad\u00bb deportiva.<\/p>\n<p>\u00abMe avisaron por tel\u00e9fono que me iba a quedar sin trabajo. S\u00e9 que a algunos les ofrecieron trabajo para enero y febrero por m\u00e1s horas y menos plata, pero no es mi caso\u00bb, relat\u00f3 Andrea Belluci, que daba clases de gimnasia r\u00edtmica en tarima en la plaza Mujica y en el Parque Saavedra.<\/p>\n<p>La docente, que integra el programa desde 2009, agreg\u00f3: \u00abA m\u00ed me gusta mi trabajo, uno se esfuerza para dar clases incluso a pesar de las dificultades que a veces se presentan. Lo \u00fanico que queremos es seguir trabajando\u00bb.<\/p>\n<p>Soledad, una profesora que cursa el s\u00e9ptimo mes de embarazo, dijo que \u00abtrabajaba en la plaza Ciudad de Banff, daba clases de lunes a jueves de 8 a 10:30 y la semana pasada en medio de una clase se acerc\u00f3 una de las coordinadoras del programa\u00bb y le inform\u00f3 que \u00aba partir del 31 de diciembre\u00bb finalizaba su contrato.<\/p>\n<p>\u00abMe dijeron que en marzo van a volver a contratar a algunos profesores, pero yo entro en licencia (por maternidad) en febrero\u00bb, detall\u00f3 la docente, a quien tambi\u00e9n por su estado \u00abunos d\u00edas m\u00e1s tarde\u00bb le ofrecieron \u00abseguir como profesora en una colonia\u00bb, pero sin decirle cu\u00e1nto le iban a pagar.<\/p>\n<p>T\u00e9lam intent\u00f3 comunicarse con la Secretar\u00eda de Deporte porte\u00f1a para conocer las razones de la medida, pero nadie respondi\u00f3 a los llamados telef\u00f3nicos.<\/p>\n<p>Para Mabel Raposo, que desde hace 5 a\u00f1os practica actividades en Parque Chacabuco, \u00abes mucho m\u00e1s que clases de gimnasia. Para muchas personas que estamos solas es una compa\u00f1\u00eda, un lugar de encuentro y contenci\u00f3n\u00bb, asegur\u00f3.<\/p>\n<p>\u00abLa mayor\u00eda de mis compa\u00f1eros son gente grande y tenemos otra manera de comunicarnos, tenemos un grupo que creci\u00f3 much\u00edsimo de los 20 que \u00e9ramos, pasamos a ser 100 y 200 en verano\u00bb, apunt\u00f3.<\/p>\n<p>\u00abEs muy injusto que nos saquen esto, muchas veces pusimos dinero entre todos para arreglar los equipos de audio o para poner los materiales necesarios para tomar las clases\u00bb, manifest\u00f3.<\/p>\n<p>Marina Altamirano, que tomaba clases en la plaza Mujica, sostuvo que quieren \u00abdefender el programa\u00bb y reproch\u00f3 \u00abla forma arbitraria en la que fueron despedidos\u00bb los profesores.<\/p>\n<p>\u00abNosotros no vamos a tomar las clases para modelar nuestros cuerpos, no queremos ser modelos; vamos exclusivamente por una cuesti\u00f3n de salud y es lo que le pedimos a las autoridades que tengan en cuenta, la salud de los vecinos\u00bb, agreg\u00f3.<\/p>\n","protected":false},"excerpt":{"rendered":"<p>La Uni\u00f3n de Trabajadores de la Educaci\u00f3n (UTE) anunci\u00f3 que reclamar\u00e1n ante la Justicia y ante la Defensor\u00eda del Pueblo por los 92 docentes de educaci\u00f3n f\u00edsica cuyos contratos fueron dados de baja por el Ejecutivo. Eduardo L\u00f3pez, titular de UTE, explic\u00f3 en conferencia de prensa que realizar\u00e1n \u00abuna presentaci\u00f3n administrativa\u00bb, luego llevar\u00e1n el reclamo&hellip;<\/p>\n","protected":false},"author":1,"featured_media":0,"comment_status":"open","ping_status":"open","sticky":false,"template":"","format":"standard","meta":{"footnotes":""},"categories":[16],"tags":[5824,175,53,1011,76,14621,777],"class_list":["post-31528","post","type-post","status-publish","format-standard","hentry","category-gremiales","tag-defensoria-del-pueblo","tag-denuncia","tag-despidos","tag-gobierno-de-la-ciudad","tag-mauricio-macri","tag-profesores-de-gimnasia","tag-ute"],"_links":{"self":[{"href":"https:\/\/www.elsindical.com.ar\/notas\/wp-json\/wp\/v2\/posts\/31528","targetHints":{"allow":["GET"]}}],"collection":[{"href":"https:\/\/www.elsindical.com.ar\/notas\/wp-json\/wp\/v2\/posts"}],"about":[{"href":"https:\/\/www.elsindical.com.ar\/notas\/wp-json\/wp\/v2\/types\/post"}],"author":[{"embeddable":true,"href":"https:\/\/www.elsindical.com.ar\/notas\/wp-json\/wp\/v2\/users\/1"}],"replies":[{"embeddable":true,"href":"https:\/\/www.elsindical.com.ar\/notas\/wp-json\/wp\/v2\/comments?post=31528"}],"version-history":[{"count":1,"href":"https:\/\/www.elsindical.com.ar\/notas\/wp-json\/wp\/v2\/posts\/31528\/revisions"}],"predecessor-version":[{"id":31530,"href":"https:\/\/www.elsindical.com.ar\/notas\/wp-json\/wp\/v2\/posts\/31528\/revisions\/31530"}],"wp:attachment":[{"href":"https:\/\/www.elsindical.com.ar\/notas\/wp-json\/wp\/v2\/media?parent=31528"}],"wp:term":[{"taxonomy":"category","embeddable":true,"href":"https:\/\/www.elsindical.com.ar\/notas\/wp-json\/wp\/v2\/categories?post=31528"},{"taxonomy":"post_tag","embeddable":true,"href":"https:\/\/www.elsindical.com.ar\/notas\/wp-json\/wp\/v2\/tags?post=31528"}],"curies":[{"name":"wp","href":"https:\/\/api.w.org\/{rel}","templated":true}]}}