{"id":31428,"date":"2012-12-31T16:04:53","date_gmt":"2012-12-31T19:04:53","guid":{"rendered":"http:\/\/www.elsindical.com.ar\/notas\/?p=31428"},"modified":"2012-12-31T16:04:53","modified_gmt":"2012-12-31T19:04:53","slug":"pilarasesinan-en-del-viso-a-un-joven-en-una-pelea-callejera","status":"publish","type":"post","link":"https:\/\/www.elsindical.com.ar\/notas\/pilarasesinan-en-del-viso-a-un-joven-en-una-pelea-callejera\/","title":{"rendered":"Pilar:Asesinan en Del Viso a un joven en una pelea callejera"},"content":{"rendered":"<p style=\"text-align: justify;\"><em><img loading=\"lazy\" decoding=\"async\" class=\"alignleft size-medium wp-image-16192\" alt=\"disparo-rev\u00f3lver\" src=\"http:\/\/www.elsindical.com.ar\/notas\/var\/www\/html\/notas\/wp-content\/uploads\/2011\/08\/disparo-rev\u00f3lver-300x248.jpg\" width=\"300\" height=\"248\" srcset=\"https:\/\/www.elsindical.com.ar\/notas\/var\/www\/html\/notas\/wp-content\/uploads\/2011\/08\/disparo-rev\u00f3lver-300x248.jpg 300w, https:\/\/www.elsindical.com.ar\/notas\/var\/www\/html\/notas\/wp-content\/uploads\/2011\/08\/disparo-rev\u00f3lver.jpg 413w\" sizes=\"auto, (max-width: 300px) 100vw, 300px\" \/>El hecho ocurri\u00f3 en la localidad de Del Viso, en el partido de Pilar, donde un joven recibi\u00f3 dos balazos durante una pelea callejera. La victima recibi\u00f3 dos balazos en la zona inguinal que le produjeron la muerte. Por el crimen, hay un sospechoso identificado aunque se encuentra pr\u00f3fugo.<\/em><\/p>\n<p style=\"text-align: justify;\">Un joven fue asesinado de dos balazos durante una pelea callejera en la localidad de Del Viso, partido de Pilar, y por el crimen hay un sospechoso identificado, aunque pr\u00f3fugo, informaron hoy fuentes policiales.<\/p>\n<p>El episodio ocurri\u00f3 ayer en el cruce de las calles Corrales y Los Alel\u00edes, del barrio Los Cachorros. Seg\u00fan las fuentes, dos j\u00f3venes, ambos con antecedentes penales, se pelearon en la calle y en medio de la ri\u00f1a uno extrajo un arma y bale\u00f3 al otro.<\/p>\n<p>El herido, de 21 a\u00f1os, recibi\u00f3 dos impactos en la zona inguinal que le produjeron la muerte, a\u00f1adieron los voceros.<\/p>\n<p>Los investigadores identificaron al autor del ataque, un muchacho de 26 a\u00f1os que vive en la zona aunque por el momento no pudo ser detenido. La investigaci\u00f3n qued\u00f3 a cargo de efectivos de la seccional s\u00e9ptima de Pilar de la Unidad Funcional de Instrucci\u00f3n de turno de ese distrito.<\/p>\n","protected":false},"excerpt":{"rendered":"<p>El hecho ocurri\u00f3 en la localidad de Del Viso, en el partido de Pilar, donde un joven recibi\u00f3 dos balazos durante una pelea callejera. La victima recibi\u00f3 dos balazos en la zona inguinal que le produjeron la muerte. Por el crimen, hay un sospechoso identificado aunque se encuentra pr\u00f3fugo. Un joven fue asesinado de dos&hellip;<\/p>\n","protected":false},"author":1,"featured_media":0,"comment_status":"open","ping_status":"open","sticky":false,"template":"","format":"standard","meta":{"footnotes":""},"categories":[22],"tags":[12016,4350,305,1411],"class_list":["post-31428","post","type-post","status-publish","format-standard","hentry","category-policiales","tag-antecedentes-penales","tag-del-viso","tag-muerte","tag-pilar"],"_links":{"self":[{"href":"https:\/\/www.elsindical.com.ar\/notas\/wp-json\/wp\/v2\/posts\/31428","targetHints":{"allow":["GET"]}}],"collection":[{"href":"https:\/\/www.elsindical.com.ar\/notas\/wp-json\/wp\/v2\/posts"}],"about":[{"href":"https:\/\/www.elsindical.com.ar\/notas\/wp-json\/wp\/v2\/types\/post"}],"author":[{"embeddable":true,"href":"https:\/\/www.elsindical.com.ar\/notas\/wp-json\/wp\/v2\/users\/1"}],"replies":[{"embeddable":true,"href":"https:\/\/www.elsindical.com.ar\/notas\/wp-json\/wp\/v2\/comments?post=31428"}],"version-history":[{"count":1,"href":"https:\/\/www.elsindical.com.ar\/notas\/wp-json\/wp\/v2\/posts\/31428\/revisions"}],"predecessor-version":[{"id":31429,"href":"https:\/\/www.elsindical.com.ar\/notas\/wp-json\/wp\/v2\/posts\/31428\/revisions\/31429"}],"wp:attachment":[{"href":"https:\/\/www.elsindical.com.ar\/notas\/wp-json\/wp\/v2\/media?parent=31428"}],"wp:term":[{"taxonomy":"category","embeddable":true,"href":"https:\/\/www.elsindical.com.ar\/notas\/wp-json\/wp\/v2\/categories?post=31428"},{"taxonomy":"post_tag","embeddable":true,"href":"https:\/\/www.elsindical.com.ar\/notas\/wp-json\/wp\/v2\/tags?post=31428"}],"curies":[{"name":"wp","href":"https:\/\/api.w.org\/{rel}","templated":true}]}}